{"id":9745,"date":"2014-08-20T02:30:50","date_gmt":"2014-08-20T02:30:50","guid":{"rendered":"https:\/\/pagina10.com\/web\/hasta-el-sabado-30-reexpedicion-de-tarjeta-debito-a-beneficiarios-de-familias-en-accion\/"},"modified":"2014-08-20T02:30:50","modified_gmt":"2014-08-20T02:30:50","slug":"hasta-el-sabado-30-reexpedicion-de-tarjeta-debito-a-beneficiarios-de-familias-en-accion","status":"publish","type":"post","link":"https:\/\/pagina10.com\/web\/hasta-el-sabado-30-reexpedicion-de-tarjeta-debito-a-beneficiarios-de-familias-en-accion\/","title":{"rendered":"Hasta el s\u00e1bado 30 reexpedici\u00f3n de tarjeta d\u00e9bito a beneficiarios de Familias en Acci\u00f3n"},"content":{"rendered":"<p><img fetchpriority=\"high\" decoding=\"async\" class=\" size-full wp-image-9744\" src=\"https:\/\/pagina10.com\/web\/wp-content\/uploads\/2014\/08\/68539e09e9c2f4ce0975080a63c70721.jpg\" alt=\"\" width=\"620\" height=\"300\" srcset=\"https:\/\/pagina10.com\/web\/wp-content\/uploads\/2014\/08\/68539e09e9c2f4ce0975080a63c70721.jpg 620w, https:\/\/pagina10.com\/web\/wp-content\/uploads\/2014\/08\/68539e09e9c2f4ce0975080a63c70721-300x145.jpg 300w\" sizes=\"(max-width: 620px) 100vw, 620px\" \/><\/p>\n<p style=\"text-align: justify;\">La Alcald\u00eda de Pasto a trav\u00e9s de la Secretar\u00eda de Bienestar Social comunica a los beneficiarios del programa M\u00e1s Familias en Acci\u00f3n, que se adelanta la reexpedici\u00f3n de la tarjeta d\u00e9bito del Banco Agrario, para aquellas personas que por diferentes circunstancias no cuentan con la misma.<\/p>\n<p style=\"text-align: justify;\">&nbsp;<\/p>\n<p style=\"text-align: justify;\">La secretaria de la dependencia, Laura Patricia Mart\u00ednez Baquero, explic\u00f3 que las entregas se llevar\u00e1n a cabo hasta el s\u00e1bado 30 de agosto en los puntos Servientrega cercanos al lugar de residencia de los beneficiarios y record\u00f3 que el documento se entrega \u00fanicamente al titular. Para la verificaci\u00f3n de la entrega se ha publicado el listado en las instalaciones de la Secretar\u00eda de Bienestar Social.<\/p>\n<p style=\"text-align: justify;\"><span style=\"line-height: 1.8;\">&nbsp;<\/span><\/p>\n<p style=\"text-align: justify;\"><span style=\"line-height: 1.8;\">El objetivo del programa es lograr que el 100% de los beneficiarios tengan su tarjeta d\u00e9bito color gris. Cualquier inquietud, acercarse a las instalaciones de la Secretar\u00eda de Bienestar Social, antiguo Inurbe, en horario de 8:00 de la ma\u00f1ana a 12:00 del medio d\u00eda y de 2:00 a 5:00 de la tarde.<\/span><\/p>\n<p style=\"text-align: justify;\">&nbsp;<\/p>\n<p style=\"text-align: justify;\"><strong>Descarga el listado <a href=\"http:\/\/www.pasto.gov.co\/index.php\/component\/phocadownload\/category\/275-bienestar-social-2014?download=6164%3Afamilias_en_accion_reexpedicion_tarjetas_pasto_ago_2014\" target=\"_blank\">aqu\u00ed<\/a><\/strong><\/p>\n<p style=\"text-align: justify;\">&nbsp;<\/p>\n<p>Fuente: Alcald\u00eda de Pasto<\/p>\n","protected":false},"excerpt":{"rendered":"<p>La Alcald\u00eda de Pasto a trav\u00e9s de la Secretar\u00eda de Bienestar Social comunica a los beneficiarios del programa M\u00e1s Familias en Acci\u00f3n, que se adelanta la reexpedici\u00f3n de la tarjeta d\u00e9bito del Banco Agrario, para aquellas personas que por diferentes circunstancias no cuentan con la misma. &nbsp; La secretaria de la dependencia, Laura Patricia Mart\u00ednez [&hellip;]<\/p>\n","protected":false},"author":29,"featured_media":9744,"comment_status":"open","ping_status":"open","sticky":false,"template":"","format":"standard","meta":{"footnotes":""},"categories":[82],"tags":[1252,1251,1253],"class_list":["post-9745","post","type-post","status-publish","format-standard","has-post-thumbnail","hentry","category-ciudad-2","tag-banco-agrario","tag-mas-familias-en-accion","tag-tarjeta-debito"],"yoast_head":"<!-- This site is optimized with the Yoast SEO plugin v27.1.1 - https:\/\/yoast.com\/product\/yoast-seo-wordpress\/ -->\n<title>Hasta el s\u00e1bado 30 reexpedici\u00f3n de tarjeta d\u00e9bito a beneficiarios de Familias en Acci\u00f3n | P\u00e1gina10<\/title>\n<meta name=\"robots\" content=\"index, follow, max-snippet:-1, max-image-preview:large, max-video-preview:-1\" \/>\n<link rel=\"canonical\" href=\"https:\/\/pagina10.com\/web\/hasta-el-sabado-30-reexpedicion-de-tarjeta-debito-a-beneficiarios-de-familias-en-accion\/\" \/>\n<meta property=\"og:locale\" content=\"es_ES\" \/>\n<meta property=\"og:type\" content=\"article\" \/>\n<meta property=\"og:title\" content=\"Hasta el s\u00e1bado 30 reexpedici\u00f3n de tarjeta d\u00e9bito a beneficiarios de Familias en Acci\u00f3n | P\u00e1gina10\" \/>\n<meta property=\"og:description\" content=\"La Alcald\u00eda de Pasto a trav\u00e9s de la Secretar\u00eda de Bienestar Social comunica a los beneficiarios del programa M\u00e1s Familias en Acci\u00f3n, que se adelanta la reexpedici\u00f3n de la tarjeta d\u00e9bito del Banco Agrario, para aquellas personas que por diferentes circunstancias no cuentan con la misma. &nbsp; La secretaria de la dependencia, Laura Patricia Mart\u00ednez [&hellip;]\" \/>\n<meta property=\"og:url\" content=\"https:\/\/pagina10.com\/web\/hasta-el-sabado-30-reexpedicion-de-tarjeta-debito-a-beneficiarios-de-familias-en-accion\/\" \/>\n<meta property=\"og:site_name\" content=\"P\u00e1gina10\" \/>\n<meta property=\"article:publisher\" content=\"https:\/\/www.facebook.com\/pag10com\" \/>\n<meta property=\"article:published_time\" content=\"2014-08-20T02:30:50+00:00\" \/>\n<meta property=\"og:image\" content=\"https:\/\/pagina10.com\/web\/wp-content\/uploads\/2014\/08\/68539e09e9c2f4ce0975080a63c70721.jpg\" \/>\n\t<meta property=\"og:image:width\" content=\"620\" \/>\n\t<meta property=\"og:image:height\" content=\"300\" \/>\n\t<meta property=\"og:image:type\" content=\"image\/jpeg\" \/>\n<meta name=\"author\" content=\"P\u00e1gina 10\" \/>\n<meta name=\"twitter:card\" content=\"summary_large_image\" \/>\n<meta name=\"twitter:creator\" content=\"@Pag10com\" \/>\n<meta name=\"twitter:site\" content=\"@Pag10com\" \/>\n<meta name=\"twitter:label1\" content=\"Escrito por\" \/>\n\t<meta name=\"twitter:data1\" content=\"P\u00e1gina 10\" \/>\n\t<meta name=\"twitter:label2\" content=\"Tiempo de lectura\" \/>\n\t<meta name=\"twitter:data2\" content=\"1 minuto\" \/>\n<script type=\"application\/ld+json\" class=\"yoast-schema-graph\">{\"@context\":\"https:\/\/schema.org\",\"@graph\":[{\"@type\":\"Article\",\"@id\":\"https:\/\/pagina10.com\/web\/hasta-el-sabado-30-reexpedicion-de-tarjeta-debito-a-beneficiarios-de-familias-en-accion\/#article\",\"isPartOf\":{\"@id\":\"https:\/\/pagina10.com\/web\/hasta-el-sabado-30-reexpedicion-de-tarjeta-debito-a-beneficiarios-de-familias-en-accion\/\"},\"author\":{\"name\":\"P\u00e1gina 10\",\"@id\":\"https:\/\/pagina10.com\/web\/#\/schema\/person\/a7a5d38f0629dfc107f619fbae4f6cc3\"},\"headline\":\"Hasta el s\u00e1bado 30 reexpedici\u00f3n de tarjeta d\u00e9bito a beneficiarios de Familias en Acci\u00f3n\",\"datePublished\":\"2014-08-20T02:30:50+00:00\",\"mainEntityOfPage\":{\"@id\":\"https:\/\/pagina10.com\/web\/hasta-el-sabado-30-reexpedicion-de-tarjeta-debito-a-beneficiarios-de-familias-en-accion\/\"},\"wordCount\":203,\"commentCount\":0,\"publisher\":{\"@id\":\"https:\/\/pagina10.com\/web\/#organization\"},\"image\":{\"@id\":\"https:\/\/pagina10.com\/web\/hasta-el-sabado-30-reexpedicion-de-tarjeta-debito-a-beneficiarios-de-familias-en-accion\/#primaryimage\"},\"thumbnailUrl\":\"https:\/\/pagina10.com\/web\/wp-content\/uploads\/2014\/08\/68539e09e9c2f4ce0975080a63c70721.jpg\",\"keywords\":[\"Banco agrario\",\"M\u00e1s Familias en Acci\u00f3n\",\"tarjeta d\u00e9bito\"],\"articleSection\":[\"Ciudad\"],\"inLanguage\":\"es\",\"potentialAction\":[{\"@type\":\"CommentAction\",\"name\":\"Comment\",\"target\":[\"https:\/\/pagina10.com\/web\/hasta-el-sabado-30-reexpedicion-de-tarjeta-debito-a-beneficiarios-de-familias-en-accion\/#respond\"]}]},{\"@type\":\"WebPage\",\"@id\":\"https:\/\/pagina10.com\/web\/hasta-el-sabado-30-reexpedicion-de-tarjeta-debito-a-beneficiarios-de-familias-en-accion\/\",\"url\":\"https:\/\/pagina10.com\/web\/hasta-el-sabado-30-reexpedicion-de-tarjeta-debito-a-beneficiarios-de-familias-en-accion\/\",\"name\":\"Hasta el s\u00e1bado 30 reexpedici\u00f3n de tarjeta d\u00e9bito a beneficiarios de Familias en Acci\u00f3n | P\u00e1gina10\",\"isPartOf\":{\"@id\":\"https:\/\/pagina10.com\/web\/#website\"},\"primaryImageOfPage\":{\"@id\":\"https:\/\/pagina10.com\/web\/hasta-el-sabado-30-reexpedicion-de-tarjeta-debito-a-beneficiarios-de-familias-en-accion\/#primaryimage\"},\"image\":{\"@id\":\"https:\/\/pagina10.com\/web\/hasta-el-sabado-30-reexpedicion-de-tarjeta-debito-a-beneficiarios-de-familias-en-accion\/#primaryimage\"},\"thumbnailUrl\":\"https:\/\/pagina10.com\/web\/wp-content\/uploads\/2014\/08\/68539e09e9c2f4ce0975080a63c70721.jpg\",\"datePublished\":\"2014-08-20T02:30:50+00:00\",\"breadcrumb\":{\"@id\":\"https:\/\/pagina10.com\/web\/hasta-el-sabado-30-reexpedicion-de-tarjeta-debito-a-beneficiarios-de-familias-en-accion\/#breadcrumb\"},\"inLanguage\":\"es\",\"potentialAction\":[{\"@type\":\"ReadAction\",\"target\":[\"https:\/\/pagina10.com\/web\/hasta-el-sabado-30-reexpedicion-de-tarjeta-debito-a-beneficiarios-de-familias-en-accion\/\"]}]},{\"@type\":\"ImageObject\",\"inLanguage\":\"es\",\"@id\":\"https:\/\/pagina10.com\/web\/hasta-el-sabado-30-reexpedicion-de-tarjeta-debito-a-beneficiarios-de-familias-en-accion\/#primaryimage\",\"url\":\"https:\/\/pagina10.com\/web\/wp-content\/uploads\/2014\/08\/68539e09e9c2f4ce0975080a63c70721.jpg\",\"contentUrl\":\"https:\/\/pagina10.com\/web\/wp-content\/uploads\/2014\/08\/68539e09e9c2f4ce0975080a63c70721.jpg\",\"width\":620,\"height\":300},{\"@type\":\"BreadcrumbList\",\"@id\":\"https:\/\/pagina10.com\/web\/hasta-el-sabado-30-reexpedicion-de-tarjeta-debito-a-beneficiarios-de-familias-en-accion\/#breadcrumb\",\"itemListElement\":[{\"@type\":\"ListItem\",\"position\":1,\"name\":\"Portada\",\"item\":\"https:\/\/pagina10.com\/web\/\"},{\"@type\":\"ListItem\",\"position\":2,\"name\":\"Hasta el s\u00e1bado 30 reexpedici\u00f3n de tarjeta d\u00e9bito a beneficiarios de Familias en Acci\u00f3n\"}]},{\"@type\":\"WebSite\",\"@id\":\"https:\/\/pagina10.com\/web\/#website\",\"url\":\"https:\/\/pagina10.com\/web\/\",\"name\":\"P\u00e1gina10\",\"description\":\"Peri\u00f3dico Regional\",\"publisher\":{\"@id\":\"https:\/\/pagina10.com\/web\/#organization\"},\"alternateName\":\"P\u00e1gina10 Peri\u00f3dico Regional\",\"potentialAction\":[{\"@type\":\"SearchAction\",\"target\":{\"@type\":\"EntryPoint\",\"urlTemplate\":\"https:\/\/pagina10.com\/web\/?s={search_term_string}\"},\"query-input\":{\"@type\":\"PropertyValueSpecification\",\"valueRequired\":true,\"valueName\":\"search_term_string\"}}],\"inLanguage\":\"es\"},{\"@type\":\"Organization\",\"@id\":\"https:\/\/pagina10.com\/web\/#organization\",\"name\":\"P\u00e1gina10\",\"alternateName\":\"P\u00e1gina10 Peri\u00f3dico Regional\",\"url\":\"https:\/\/pagina10.com\/web\/\",\"logo\":{\"@type\":\"ImageObject\",\"inLanguage\":\"es\",\"@id\":\"https:\/\/pagina10.com\/web\/#\/schema\/logo\/image\/\",\"url\":\"https:\/\/pagina10.com\/web\/wp-content\/uploads\/2024\/01\/40-pagina-10-periodico-regional-pasto.jpg\",\"contentUrl\":\"https:\/\/pagina10.com\/web\/wp-content\/uploads\/2024\/01\/40-pagina-10-periodico-regional-pasto.jpg\",\"width\":1280,\"height\":720,\"caption\":\"P\u00e1gina10\"},\"image\":{\"@id\":\"https:\/\/pagina10.com\/web\/#\/schema\/logo\/image\/\"},\"sameAs\":[\"https:\/\/www.facebook.com\/pag10com\",\"https:\/\/x.com\/Pag10com\",\"https:\/\/www.instagram.com\/pagina10col\/\",\"https:\/\/youtube.com\/channel\/pag10\",\"https:\/\/www.tiktok.com\/@p10col\"]},{\"@type\":\"Person\",\"@id\":\"https:\/\/pagina10.com\/web\/#\/schema\/person\/a7a5d38f0629dfc107f619fbae4f6cc3\",\"name\":\"P\u00e1gina 10\",\"description\":\"P\u00e1gina10.com es un peri\u00f3dico digital que nace en Colombia, en el departamento de Nari\u00f1o, con un enfoque global, fundamentado en cuatro pilares esenciales: la libertad, el pluralismo, la inclusi\u00f3n y la independencia. P\u00e1gina10.com hace referencia a Nari\u00f1o como el d\u00e9cimo departamento creado en Colombia, despu\u00e9s de un proceso pol\u00edtico liderado por actores y actrices regionales con el fin de obtener la independencia y autonom\u00eda de nuestros territorios. Con la creaci\u00f3n de P\u00e1gina10.com se pretende abrir un escenario para el dialogo, la reflexi\u00f3n y el debate que se extienda a otras geograf\u00edas de Am\u00e9rica Latina y del planeta, en una apuesta por transformar colectivamente los desaf\u00edos de un mundo contempor\u00e1neo, m\u00e1s all\u00e1 de las fronteras impuestas.\",\"url\":\"https:\/\/pagina10.com\/web\/author\/mcepeda\/\"}]}<\/script>\n<!-- \/ Yoast SEO plugin. -->","yoast_head_json":{"title":"Hasta el s\u00e1bado 30 reexpedici\u00f3n de tarjeta d\u00e9bito a beneficiarios de Familias en Acci\u00f3n | P\u00e1gina10","robots":{"index":"index","follow":"follow","max-snippet":"max-snippet:-1","max-image-preview":"max-image-preview:large","max-video-preview":"max-video-preview:-1"},"canonical":"https:\/\/pagina10.com\/web\/hasta-el-sabado-30-reexpedicion-de-tarjeta-debito-a-beneficiarios-de-familias-en-accion\/","og_locale":"es_ES","og_type":"article","og_title":"Hasta el s\u00e1bado 30 reexpedici\u00f3n de tarjeta d\u00e9bito a beneficiarios de Familias en Acci\u00f3n | P\u00e1gina10","og_description":"La Alcald\u00eda de Pasto a trav\u00e9s de la Secretar\u00eda de Bienestar Social comunica a los beneficiarios del programa M\u00e1s Familias en Acci\u00f3n, que se adelanta la reexpedici\u00f3n de la tarjeta d\u00e9bito del Banco Agrario, para aquellas personas que por diferentes circunstancias no cuentan con la misma. &nbsp; La secretaria de la dependencia, Laura Patricia Mart\u00ednez [&hellip;]","og_url":"https:\/\/pagina10.com\/web\/hasta-el-sabado-30-reexpedicion-de-tarjeta-debito-a-beneficiarios-de-familias-en-accion\/","og_site_name":"P\u00e1gina10","article_publisher":"https:\/\/www.facebook.com\/pag10com","article_published_time":"2014-08-20T02:30:50+00:00","og_image":[{"width":620,"height":300,"url":"https:\/\/pagina10.com\/web\/wp-content\/uploads\/2014\/08\/68539e09e9c2f4ce0975080a63c70721.jpg","type":"image\/jpeg"}],"author":"P\u00e1gina 10","twitter_card":"summary_large_image","twitter_creator":"@Pag10com","twitter_site":"@Pag10com","twitter_misc":{"Escrito por":"P\u00e1gina 10","Tiempo de lectura":"1 minuto"},"schema":{"@context":"https:\/\/schema.org","@graph":[{"@type":"Article","@id":"https:\/\/pagina10.com\/web\/hasta-el-sabado-30-reexpedicion-de-tarjeta-debito-a-beneficiarios-de-familias-en-accion\/#article","isPartOf":{"@id":"https:\/\/pagina10.com\/web\/hasta-el-sabado-30-reexpedicion-de-tarjeta-debito-a-beneficiarios-de-familias-en-accion\/"},"author":{"name":"P\u00e1gina 10","@id":"https:\/\/pagina10.com\/web\/#\/schema\/person\/a7a5d38f0629dfc107f619fbae4f6cc3"},"headline":"Hasta el s\u00e1bado 30 reexpedici\u00f3n de tarjeta d\u00e9bito a beneficiarios de Familias en Acci\u00f3n","datePublished":"2014-08-20T02:30:50+00:00","mainEntityOfPage":{"@id":"https:\/\/pagina10.com\/web\/hasta-el-sabado-30-reexpedicion-de-tarjeta-debito-a-beneficiarios-de-familias-en-accion\/"},"wordCount":203,"commentCount":0,"publisher":{"@id":"https:\/\/pagina10.com\/web\/#organization"},"image":{"@id":"https:\/\/pagina10.com\/web\/hasta-el-sabado-30-reexpedicion-de-tarjeta-debito-a-beneficiarios-de-familias-en-accion\/#primaryimage"},"thumbnailUrl":"https:\/\/pagina10.com\/web\/wp-content\/uploads\/2014\/08\/68539e09e9c2f4ce0975080a63c70721.jpg","keywords":["Banco agrario","M\u00e1s Familias en Acci\u00f3n","tarjeta d\u00e9bito"],"articleSection":["Ciudad"],"inLanguage":"es","potentialAction":[{"@type":"CommentAction","name":"Comment","target":["https:\/\/pagina10.com\/web\/hasta-el-sabado-30-reexpedicion-de-tarjeta-debito-a-beneficiarios-de-familias-en-accion\/#respond"]}]},{"@type":"WebPage","@id":"https:\/\/pagina10.com\/web\/hasta-el-sabado-30-reexpedicion-de-tarjeta-debito-a-beneficiarios-de-familias-en-accion\/","url":"https:\/\/pagina10.com\/web\/hasta-el-sabado-30-reexpedicion-de-tarjeta-debito-a-beneficiarios-de-familias-en-accion\/","name":"Hasta el s\u00e1bado 30 reexpedici\u00f3n de tarjeta d\u00e9bito a beneficiarios de Familias en Acci\u00f3n | P\u00e1gina10","isPartOf":{"@id":"https:\/\/pagina10.com\/web\/#website"},"primaryImageOfPage":{"@id":"https:\/\/pagina10.com\/web\/hasta-el-sabado-30-reexpedicion-de-tarjeta-debito-a-beneficiarios-de-familias-en-accion\/#primaryimage"},"image":{"@id":"https:\/\/pagina10.com\/web\/hasta-el-sabado-30-reexpedicion-de-tarjeta-debito-a-beneficiarios-de-familias-en-accion\/#primaryimage"},"thumbnailUrl":"https:\/\/pagina10.com\/web\/wp-content\/uploads\/2014\/08\/68539e09e9c2f4ce0975080a63c70721.jpg","datePublished":"2014-08-20T02:30:50+00:00","breadcrumb":{"@id":"https:\/\/pagina10.com\/web\/hasta-el-sabado-30-reexpedicion-de-tarjeta-debito-a-beneficiarios-de-familias-en-accion\/#breadcrumb"},"inLanguage":"es","potentialAction":[{"@type":"ReadAction","target":["https:\/\/pagina10.com\/web\/hasta-el-sabado-30-reexpedicion-de-tarjeta-debito-a-beneficiarios-de-familias-en-accion\/"]}]},{"@type":"ImageObject","inLanguage":"es","@id":"https:\/\/pagina10.com\/web\/hasta-el-sabado-30-reexpedicion-de-tarjeta-debito-a-beneficiarios-de-familias-en-accion\/#primaryimage","url":"https:\/\/pagina10.com\/web\/wp-content\/uploads\/2014\/08\/68539e09e9c2f4ce0975080a63c70721.jpg","contentUrl":"https:\/\/pagina10.com\/web\/wp-content\/uploads\/2014\/08\/68539e09e9c2f4ce0975080a63c70721.jpg","width":620,"height":300},{"@type":"BreadcrumbList","@id":"https:\/\/pagina10.com\/web\/hasta-el-sabado-30-reexpedicion-de-tarjeta-debito-a-beneficiarios-de-familias-en-accion\/#breadcrumb","itemListElement":[{"@type":"ListItem","position":1,"name":"Portada","item":"https:\/\/pagina10.com\/web\/"},{"@type":"ListItem","position":2,"name":"Hasta el s\u00e1bado 30 reexpedici\u00f3n de tarjeta d\u00e9bito a beneficiarios de Familias en Acci\u00f3n"}]},{"@type":"WebSite","@id":"https:\/\/pagina10.com\/web\/#website","url":"https:\/\/pagina10.com\/web\/","name":"P\u00e1gina10","description":"Peri\u00f3dico Regional","publisher":{"@id":"https:\/\/pagina10.com\/web\/#organization"},"alternateName":"P\u00e1gina10 Peri\u00f3dico Regional","potentialAction":[{"@type":"SearchAction","target":{"@type":"EntryPoint","urlTemplate":"https:\/\/pagina10.com\/web\/?s={search_term_string}"},"query-input":{"@type":"PropertyValueSpecification","valueRequired":true,"valueName":"search_term_string"}}],"inLanguage":"es"},{"@type":"Organization","@id":"https:\/\/pagina10.com\/web\/#organization","name":"P\u00e1gina10","alternateName":"P\u00e1gina10 Peri\u00f3dico Regional","url":"https:\/\/pagina10.com\/web\/","logo":{"@type":"ImageObject","inLanguage":"es","@id":"https:\/\/pagina10.com\/web\/#\/schema\/logo\/image\/","url":"https:\/\/pagina10.com\/web\/wp-content\/uploads\/2024\/01\/40-pagina-10-periodico-regional-pasto.jpg","contentUrl":"https:\/\/pagina10.com\/web\/wp-content\/uploads\/2024\/01\/40-pagina-10-periodico-regional-pasto.jpg","width":1280,"height":720,"caption":"P\u00e1gina10"},"image":{"@id":"https:\/\/pagina10.com\/web\/#\/schema\/logo\/image\/"},"sameAs":["https:\/\/www.facebook.com\/pag10com","https:\/\/x.com\/Pag10com","https:\/\/www.instagram.com\/pagina10col\/","https:\/\/youtube.com\/channel\/pag10","https:\/\/www.tiktok.com\/@p10col"]},{"@type":"Person","@id":"https:\/\/pagina10.com\/web\/#\/schema\/person\/a7a5d38f0629dfc107f619fbae4f6cc3","name":"P\u00e1gina 10","description":"P\u00e1gina10.com es un peri\u00f3dico digital que nace en Colombia, en el departamento de Nari\u00f1o, con un enfoque global, fundamentado en cuatro pilares esenciales: la libertad, el pluralismo, la inclusi\u00f3n y la independencia. P\u00e1gina10.com hace referencia a Nari\u00f1o como el d\u00e9cimo departamento creado en Colombia, despu\u00e9s de un proceso pol\u00edtico liderado por actores y actrices regionales con el fin de obtener la independencia y autonom\u00eda de nuestros territorios. Con la creaci\u00f3n de P\u00e1gina10.com se pretende abrir un escenario para el dialogo, la reflexi\u00f3n y el debate que se extienda a otras geograf\u00edas de Am\u00e9rica Latina y del planeta, en una apuesta por transformar colectivamente los desaf\u00edos de un mundo contempor\u00e1neo, m\u00e1s all\u00e1 de las fronteras impuestas.","url":"https:\/\/pagina10.com\/web\/author\/mcepeda\/"}]}},"_links":{"self":[{"href":"https:\/\/pagina10.com\/web\/wp-json\/wp\/v2\/posts\/9745","targetHints":{"allow":["GET"]}}],"collection":[{"href":"https:\/\/pagina10.com\/web\/wp-json\/wp\/v2\/posts"}],"about":[{"href":"https:\/\/pagina10.com\/web\/wp-json\/wp\/v2\/types\/post"}],"author":[{"embeddable":true,"href":"https:\/\/pagina10.com\/web\/wp-json\/wp\/v2\/users\/29"}],"replies":[{"embeddable":true,"href":"https:\/\/pagina10.com\/web\/wp-json\/wp\/v2\/comments?post=9745"}],"version-history":[{"count":0,"href":"https:\/\/pagina10.com\/web\/wp-json\/wp\/v2\/posts\/9745\/revisions"}],"wp:featuredmedia":[{"embeddable":true,"href":"https:\/\/pagina10.com\/web\/wp-json\/wp\/v2\/media\/9744"}],"wp:attachment":[{"href":"https:\/\/pagina10.com\/web\/wp-json\/wp\/v2\/media?parent=9745"}],"wp:term":[{"taxonomy":"category","embeddable":true,"href":"https:\/\/pagina10.com\/web\/wp-json\/wp\/v2\/categories?post=9745"},{"taxonomy":"post_tag","embeddable":true,"href":"https:\/\/pagina10.com\/web\/wp-json\/wp\/v2\/tags?post=9745"}],"curies":[{"name":"wp","href":"https:\/\/api.w.org\/{rel}","templated":true}]}}