{"id":9943,"date":"2014-08-30T05:12:04","date_gmt":"2014-08-30T05:12:04","guid":{"rendered":"https:\/\/pagina10.com\/web\/se-instalan-alarmas-en-el-marco-de-pasto-ciudad-segura-para-las-mujeres\/"},"modified":"2014-08-30T05:12:04","modified_gmt":"2014-08-30T05:12:04","slug":"se-instalan-alarmas-en-el-marco-de-pasto-ciudad-segura-para-las-mujeres","status":"publish","type":"post","link":"https:\/\/pagina10.com\/web\/se-instalan-alarmas-en-el-marco-de-pasto-ciudad-segura-para-las-mujeres\/","title":{"rendered":"Se instalan alarmas en el marco de &#8220;Pasto Ciudad Segura para las Mujeres&#8221;"},"content":{"rendered":"<p><img fetchpriority=\"high\" decoding=\"async\" class=\" size-full wp-image-9942\" src=\"https:\/\/pagina10.com\/web\/wp-content\/uploads\/2014\/08\/593de9d58a8224f751402aebf298c2b8.jpg\" alt=\"Fotograf\u00eda: Alcald\u00eda de Pasto\" width=\"960\" height=\"640\" srcset=\"https:\/\/pagina10.com\/web\/wp-content\/uploads\/2014\/08\/593de9d58a8224f751402aebf298c2b8.jpg 960w, https:\/\/pagina10.com\/web\/wp-content\/uploads\/2014\/08\/593de9d58a8224f751402aebf298c2b8-300x200.jpg 300w, https:\/\/pagina10.com\/web\/wp-content\/uploads\/2014\/08\/593de9d58a8224f751402aebf298c2b8-768x512.jpg 768w, https:\/\/pagina10.com\/web\/wp-content\/uploads\/2014\/08\/593de9d58a8224f751402aebf298c2b8-450x300.jpg 450w\" sizes=\"(max-width: 960px) 100vw, 960px\" \/><\/p>\n<p style=\"text-align: justify;\">En el marco de la campa\u00f1a \u201cPasto Ciudad Segura para las Mujeres\u201d liderada por la Secretar\u00eda de Gobierno de la Alcald\u00eda Municipal, fueron instaladas 14 alarmas en los alrededores de la Plaza de Nari\u00f1o, lo cual permitir\u00e1 mejorar la seguridad en el sector, y en especial evitar hechos delictivos como el cosquilleo y el raponazo que afecta m\u00e1s a las mujeres.<\/p>\n<p style=\"text-align: justify;\">&nbsp;<\/p>\n<p style=\"text-align: justify;\">La Secretar\u00eda de Gobierno (e) Carol Huertas Estrada manifest\u00f3 que para ejecutar la campa\u00f1a fue priorizado este sector teniendo en cuenta las denuncias realizadas por mujeres v\u00edctimas de hechos delictivos. \u201cEn esta primera fase se instalaron 14 alarmas que ser\u00e1n utilizadas como se\u00f1al de alerta para prevenir el delito; de la misma manera, se se\u00f1aliz\u00f3 la zona con huellas rosadas de las \u00e1reas protegidas\u201d.<\/p>\n<p style=\"text-align: justify;\">&nbsp;<\/p>\n<p style=\"text-align: justify;\">La estrategia es adelantada por la Secretar\u00eda de Gobierno con apoyo de la Polic\u00eda Metropolitana, transe\u00fantes y comerciantes, para que a trav\u00e9s de un trabajo articulado se generen espacios seguros. \u201cEste proceso, donde primero existe un acercamiento con los comerciantes y luego se capacitan para que tengan conocimiento del compromiso y la solidaridad que deben tener frente a actos delictivos que vulneran, en especial la seguridad de las mujeres, se extender\u00e1 a diferentes sitios de la ciudad para garantizar tranquilidad ciudadana\u201d, indic\u00f3 la funcionaria.<\/p>\n<p style=\"text-align: justify;\">&nbsp;<\/p>\n<p style=\"text-align: justify;\">Viviana Torres, trabajadora de un local comercial del sector manifest\u00f3 \u201cnos sentimos m\u00e1s seguras porque antes s\u00f3lo ten\u00edamos la seguridad del local, pero cuando sal\u00edamos ten\u00edamos temor, ahora si vemos algo podemos ayudar y la gente est\u00e1 preparada para reaccionar\u201d.<\/p>\n","protected":false},"excerpt":{"rendered":"<p>En el marco de la campa\u00f1a \u201cPasto Ciudad Segura para las Mujeres\u201d liderada por la Secretar\u00eda de Gobierno de la Alcald\u00eda Municipal, fueron instaladas 14 alarmas en los alrededores de la Plaza de Nari\u00f1o, lo cual permitir\u00e1 mejorar la seguridad en el sector, y en especial evitar hechos delictivos como el cosquilleo y el raponazo [&hellip;]<\/p>\n","protected":false},"author":29,"featured_media":9941,"comment_status":"open","ping_status":"open","sticky":false,"template":"","format":"standard","meta":{"footnotes":""},"categories":[82],"tags":[],"class_list":["post-9943","post","type-post","status-publish","format-standard","has-post-thumbnail","hentry","category-ciudad-2"],"yoast_head":"<!-- This site is optimized with the Yoast SEO plugin v27.1.1 - https:\/\/yoast.com\/product\/yoast-seo-wordpress\/ -->\n<title>Se instalan alarmas en el marco de &quot;Pasto Ciudad Segura para las Mujeres&quot; | P\u00e1gina10<\/title>\n<meta name=\"robots\" content=\"index, follow, max-snippet:-1, max-image-preview:large, max-video-preview:-1\" \/>\n<link rel=\"canonical\" href=\"https:\/\/pagina10.com\/web\/se-instalan-alarmas-en-el-marco-de-pasto-ciudad-segura-para-las-mujeres\/\" \/>\n<meta property=\"og:locale\" content=\"es_ES\" \/>\n<meta property=\"og:type\" content=\"article\" \/>\n<meta property=\"og:title\" content=\"Se instalan alarmas en el marco de &quot;Pasto Ciudad Segura para las Mujeres&quot; | P\u00e1gina10\" \/>\n<meta property=\"og:description\" content=\"En el marco de la campa\u00f1a \u201cPasto Ciudad Segura para las Mujeres\u201d liderada por la Secretar\u00eda de Gobierno de la Alcald\u00eda Municipal, fueron instaladas 14 alarmas en los alrededores de la Plaza de Nari\u00f1o, lo cual permitir\u00e1 mejorar la seguridad en el sector, y en especial evitar hechos delictivos como el cosquilleo y el raponazo [&hellip;]\" \/>\n<meta property=\"og:url\" content=\"https:\/\/pagina10.com\/web\/se-instalan-alarmas-en-el-marco-de-pasto-ciudad-segura-para-las-mujeres\/\" \/>\n<meta property=\"og:site_name\" content=\"P\u00e1gina10\" \/>\n<meta property=\"article:publisher\" content=\"https:\/\/www.facebook.com\/pag10com\" \/>\n<meta property=\"article:published_time\" content=\"2014-08-30T05:12:04+00:00\" \/>\n<meta property=\"og:image\" content=\"https:\/\/pagina10.com\/web\/wp-content\/uploads\/2014\/08\/593de9d58a8224f751402aebf298c2b8.jpg\" \/>\n\t<meta property=\"og:image:width\" content=\"960\" \/>\n\t<meta property=\"og:image:height\" content=\"640\" \/>\n\t<meta property=\"og:image:type\" content=\"image\/jpeg\" \/>\n<meta name=\"author\" content=\"P\u00e1gina 10\" \/>\n<meta name=\"twitter:card\" content=\"summary_large_image\" \/>\n<meta name=\"twitter:creator\" content=\"@Pag10com\" \/>\n<meta name=\"twitter:site\" content=\"@Pag10com\" \/>\n<meta name=\"twitter:label1\" content=\"Escrito por\" \/>\n\t<meta name=\"twitter:data1\" content=\"P\u00e1gina 10\" \/>\n\t<meta name=\"twitter:label2\" content=\"Tiempo de lectura\" \/>\n\t<meta name=\"twitter:data2\" content=\"1 minuto\" \/>\n<script type=\"application\/ld+json\" class=\"yoast-schema-graph\">{\"@context\":\"https:\/\/schema.org\",\"@graph\":[{\"@type\":\"Article\",\"@id\":\"https:\/\/pagina10.com\/web\/se-instalan-alarmas-en-el-marco-de-pasto-ciudad-segura-para-las-mujeres\/#article\",\"isPartOf\":{\"@id\":\"https:\/\/pagina10.com\/web\/se-instalan-alarmas-en-el-marco-de-pasto-ciudad-segura-para-las-mujeres\/\"},\"author\":{\"name\":\"P\u00e1gina 10\",\"@id\":\"https:\/\/pagina10.com\/web\/#\/schema\/person\/a7a5d38f0629dfc107f619fbae4f6cc3\"},\"headline\":\"Se instalan alarmas en el marco de &#8220;Pasto Ciudad Segura para las Mujeres&#8221;\",\"datePublished\":\"2014-08-30T05:12:04+00:00\",\"mainEntityOfPage\":{\"@id\":\"https:\/\/pagina10.com\/web\/se-instalan-alarmas-en-el-marco-de-pasto-ciudad-segura-para-las-mujeres\/\"},\"wordCount\":283,\"commentCount\":0,\"publisher\":{\"@id\":\"https:\/\/pagina10.com\/web\/#organization\"},\"image\":{\"@id\":\"https:\/\/pagina10.com\/web\/se-instalan-alarmas-en-el-marco-de-pasto-ciudad-segura-para-las-mujeres\/#primaryimage\"},\"thumbnailUrl\":\"https:\/\/pagina10.com\/web\/wp-content\/uploads\/2014\/08\/593de9d58a8224f751402aebf298c2b8.jpg\",\"articleSection\":[\"Ciudad\"],\"inLanguage\":\"es\",\"potentialAction\":[{\"@type\":\"CommentAction\",\"name\":\"Comment\",\"target\":[\"https:\/\/pagina10.com\/web\/se-instalan-alarmas-en-el-marco-de-pasto-ciudad-segura-para-las-mujeres\/#respond\"]}]},{\"@type\":\"WebPage\",\"@id\":\"https:\/\/pagina10.com\/web\/se-instalan-alarmas-en-el-marco-de-pasto-ciudad-segura-para-las-mujeres\/\",\"url\":\"https:\/\/pagina10.com\/web\/se-instalan-alarmas-en-el-marco-de-pasto-ciudad-segura-para-las-mujeres\/\",\"name\":\"Se instalan alarmas en el marco de \\\"Pasto Ciudad Segura para las Mujeres\\\" | P\u00e1gina10\",\"isPartOf\":{\"@id\":\"https:\/\/pagina10.com\/web\/#website\"},\"primaryImageOfPage\":{\"@id\":\"https:\/\/pagina10.com\/web\/se-instalan-alarmas-en-el-marco-de-pasto-ciudad-segura-para-las-mujeres\/#primaryimage\"},\"image\":{\"@id\":\"https:\/\/pagina10.com\/web\/se-instalan-alarmas-en-el-marco-de-pasto-ciudad-segura-para-las-mujeres\/#primaryimage\"},\"thumbnailUrl\":\"https:\/\/pagina10.com\/web\/wp-content\/uploads\/2014\/08\/593de9d58a8224f751402aebf298c2b8.jpg\",\"datePublished\":\"2014-08-30T05:12:04+00:00\",\"breadcrumb\":{\"@id\":\"https:\/\/pagina10.com\/web\/se-instalan-alarmas-en-el-marco-de-pasto-ciudad-segura-para-las-mujeres\/#breadcrumb\"},\"inLanguage\":\"es\",\"potentialAction\":[{\"@type\":\"ReadAction\",\"target\":[\"https:\/\/pagina10.com\/web\/se-instalan-alarmas-en-el-marco-de-pasto-ciudad-segura-para-las-mujeres\/\"]}]},{\"@type\":\"ImageObject\",\"inLanguage\":\"es\",\"@id\":\"https:\/\/pagina10.com\/web\/se-instalan-alarmas-en-el-marco-de-pasto-ciudad-segura-para-las-mujeres\/#primaryimage\",\"url\":\"https:\/\/pagina10.com\/web\/wp-content\/uploads\/2014\/08\/593de9d58a8224f751402aebf298c2b8.jpg\",\"contentUrl\":\"https:\/\/pagina10.com\/web\/wp-content\/uploads\/2014\/08\/593de9d58a8224f751402aebf298c2b8.jpg\",\"width\":960,\"height\":640,\"caption\":\"Fotograf\u00eda: Alcald\u00eda de Pasto\"},{\"@type\":\"BreadcrumbList\",\"@id\":\"https:\/\/pagina10.com\/web\/se-instalan-alarmas-en-el-marco-de-pasto-ciudad-segura-para-las-mujeres\/#breadcrumb\",\"itemListElement\":[{\"@type\":\"ListItem\",\"position\":1,\"name\":\"Portada\",\"item\":\"https:\/\/pagina10.com\/web\/\"},{\"@type\":\"ListItem\",\"position\":2,\"name\":\"Se instalan alarmas en el marco de &#8220;Pasto Ciudad Segura para las Mujeres&#8221;\"}]},{\"@type\":\"WebSite\",\"@id\":\"https:\/\/pagina10.com\/web\/#website\",\"url\":\"https:\/\/pagina10.com\/web\/\",\"name\":\"P\u00e1gina10\",\"description\":\"Peri\u00f3dico Regional\",\"publisher\":{\"@id\":\"https:\/\/pagina10.com\/web\/#organization\"},\"alternateName\":\"P\u00e1gina10 Peri\u00f3dico Regional\",\"potentialAction\":[{\"@type\":\"SearchAction\",\"target\":{\"@type\":\"EntryPoint\",\"urlTemplate\":\"https:\/\/pagina10.com\/web\/?s={search_term_string}\"},\"query-input\":{\"@type\":\"PropertyValueSpecification\",\"valueRequired\":true,\"valueName\":\"search_term_string\"}}],\"inLanguage\":\"es\"},{\"@type\":\"Organization\",\"@id\":\"https:\/\/pagina10.com\/web\/#organization\",\"name\":\"P\u00e1gina10\",\"alternateName\":\"P\u00e1gina10 Peri\u00f3dico Regional\",\"url\":\"https:\/\/pagina10.com\/web\/\",\"logo\":{\"@type\":\"ImageObject\",\"inLanguage\":\"es\",\"@id\":\"https:\/\/pagina10.com\/web\/#\/schema\/logo\/image\/\",\"url\":\"https:\/\/pagina10.com\/web\/wp-content\/uploads\/2024\/01\/40-pagina-10-periodico-regional-pasto.jpg\",\"contentUrl\":\"https:\/\/pagina10.com\/web\/wp-content\/uploads\/2024\/01\/40-pagina-10-periodico-regional-pasto.jpg\",\"width\":1280,\"height\":720,\"caption\":\"P\u00e1gina10\"},\"image\":{\"@id\":\"https:\/\/pagina10.com\/web\/#\/schema\/logo\/image\/\"},\"sameAs\":[\"https:\/\/www.facebook.com\/pag10com\",\"https:\/\/x.com\/Pag10com\",\"https:\/\/www.instagram.com\/pagina10col\/\",\"https:\/\/youtube.com\/channel\/pag10\",\"https:\/\/www.tiktok.com\/@p10col\"]},{\"@type\":\"Person\",\"@id\":\"https:\/\/pagina10.com\/web\/#\/schema\/person\/a7a5d38f0629dfc107f619fbae4f6cc3\",\"name\":\"P\u00e1gina 10\",\"description\":\"P\u00e1gina10.com es un peri\u00f3dico digital que nace en Colombia, en el departamento de Nari\u00f1o, con un enfoque global, fundamentado en cuatro pilares esenciales: la libertad, el pluralismo, la inclusi\u00f3n y la independencia. P\u00e1gina10.com hace referencia a Nari\u00f1o como el d\u00e9cimo departamento creado en Colombia, despu\u00e9s de un proceso pol\u00edtico liderado por actores y actrices regionales con el fin de obtener la independencia y autonom\u00eda de nuestros territorios. Con la creaci\u00f3n de P\u00e1gina10.com se pretende abrir un escenario para el dialogo, la reflexi\u00f3n y el debate que se extienda a otras geograf\u00edas de Am\u00e9rica Latina y del planeta, en una apuesta por transformar colectivamente los desaf\u00edos de un mundo contempor\u00e1neo, m\u00e1s all\u00e1 de las fronteras impuestas.\",\"url\":\"https:\/\/pagina10.com\/web\/author\/mcepeda\/\"}]}<\/script>\n<!-- \/ Yoast SEO plugin. -->","yoast_head_json":{"title":"Se instalan alarmas en el marco de \"Pasto Ciudad Segura para las Mujeres\" | P\u00e1gina10","robots":{"index":"index","follow":"follow","max-snippet":"max-snippet:-1","max-image-preview":"max-image-preview:large","max-video-preview":"max-video-preview:-1"},"canonical":"https:\/\/pagina10.com\/web\/se-instalan-alarmas-en-el-marco-de-pasto-ciudad-segura-para-las-mujeres\/","og_locale":"es_ES","og_type":"article","og_title":"Se instalan alarmas en el marco de \"Pasto Ciudad Segura para las Mujeres\" | P\u00e1gina10","og_description":"En el marco de la campa\u00f1a \u201cPasto Ciudad Segura para las Mujeres\u201d liderada por la Secretar\u00eda de Gobierno de la Alcald\u00eda Municipal, fueron instaladas 14 alarmas en los alrededores de la Plaza de Nari\u00f1o, lo cual permitir\u00e1 mejorar la seguridad en el sector, y en especial evitar hechos delictivos como el cosquilleo y el raponazo [&hellip;]","og_url":"https:\/\/pagina10.com\/web\/se-instalan-alarmas-en-el-marco-de-pasto-ciudad-segura-para-las-mujeres\/","og_site_name":"P\u00e1gina10","article_publisher":"https:\/\/www.facebook.com\/pag10com","article_published_time":"2014-08-30T05:12:04+00:00","og_image":[{"width":960,"height":640,"url":"https:\/\/pagina10.com\/web\/wp-content\/uploads\/2014\/08\/593de9d58a8224f751402aebf298c2b8.jpg","type":"image\/jpeg"}],"author":"P\u00e1gina 10","twitter_card":"summary_large_image","twitter_creator":"@Pag10com","twitter_site":"@Pag10com","twitter_misc":{"Escrito por":"P\u00e1gina 10","Tiempo de lectura":"1 minuto"},"schema":{"@context":"https:\/\/schema.org","@graph":[{"@type":"Article","@id":"https:\/\/pagina10.com\/web\/se-instalan-alarmas-en-el-marco-de-pasto-ciudad-segura-para-las-mujeres\/#article","isPartOf":{"@id":"https:\/\/pagina10.com\/web\/se-instalan-alarmas-en-el-marco-de-pasto-ciudad-segura-para-las-mujeres\/"},"author":{"name":"P\u00e1gina 10","@id":"https:\/\/pagina10.com\/web\/#\/schema\/person\/a7a5d38f0629dfc107f619fbae4f6cc3"},"headline":"Se instalan alarmas en el marco de &#8220;Pasto Ciudad Segura para las Mujeres&#8221;","datePublished":"2014-08-30T05:12:04+00:00","mainEntityOfPage":{"@id":"https:\/\/pagina10.com\/web\/se-instalan-alarmas-en-el-marco-de-pasto-ciudad-segura-para-las-mujeres\/"},"wordCount":283,"commentCount":0,"publisher":{"@id":"https:\/\/pagina10.com\/web\/#organization"},"image":{"@id":"https:\/\/pagina10.com\/web\/se-instalan-alarmas-en-el-marco-de-pasto-ciudad-segura-para-las-mujeres\/#primaryimage"},"thumbnailUrl":"https:\/\/pagina10.com\/web\/wp-content\/uploads\/2014\/08\/593de9d58a8224f751402aebf298c2b8.jpg","articleSection":["Ciudad"],"inLanguage":"es","potentialAction":[{"@type":"CommentAction","name":"Comment","target":["https:\/\/pagina10.com\/web\/se-instalan-alarmas-en-el-marco-de-pasto-ciudad-segura-para-las-mujeres\/#respond"]}]},{"@type":"WebPage","@id":"https:\/\/pagina10.com\/web\/se-instalan-alarmas-en-el-marco-de-pasto-ciudad-segura-para-las-mujeres\/","url":"https:\/\/pagina10.com\/web\/se-instalan-alarmas-en-el-marco-de-pasto-ciudad-segura-para-las-mujeres\/","name":"Se instalan alarmas en el marco de \"Pasto Ciudad Segura para las Mujeres\" | P\u00e1gina10","isPartOf":{"@id":"https:\/\/pagina10.com\/web\/#website"},"primaryImageOfPage":{"@id":"https:\/\/pagina10.com\/web\/se-instalan-alarmas-en-el-marco-de-pasto-ciudad-segura-para-las-mujeres\/#primaryimage"},"image":{"@id":"https:\/\/pagina10.com\/web\/se-instalan-alarmas-en-el-marco-de-pasto-ciudad-segura-para-las-mujeres\/#primaryimage"},"thumbnailUrl":"https:\/\/pagina10.com\/web\/wp-content\/uploads\/2014\/08\/593de9d58a8224f751402aebf298c2b8.jpg","datePublished":"2014-08-30T05:12:04+00:00","breadcrumb":{"@id":"https:\/\/pagina10.com\/web\/se-instalan-alarmas-en-el-marco-de-pasto-ciudad-segura-para-las-mujeres\/#breadcrumb"},"inLanguage":"es","potentialAction":[{"@type":"ReadAction","target":["https:\/\/pagina10.com\/web\/se-instalan-alarmas-en-el-marco-de-pasto-ciudad-segura-para-las-mujeres\/"]}]},{"@type":"ImageObject","inLanguage":"es","@id":"https:\/\/pagina10.com\/web\/se-instalan-alarmas-en-el-marco-de-pasto-ciudad-segura-para-las-mujeres\/#primaryimage","url":"https:\/\/pagina10.com\/web\/wp-content\/uploads\/2014\/08\/593de9d58a8224f751402aebf298c2b8.jpg","contentUrl":"https:\/\/pagina10.com\/web\/wp-content\/uploads\/2014\/08\/593de9d58a8224f751402aebf298c2b8.jpg","width":960,"height":640,"caption":"Fotograf\u00eda: Alcald\u00eda de Pasto"},{"@type":"BreadcrumbList","@id":"https:\/\/pagina10.com\/web\/se-instalan-alarmas-en-el-marco-de-pasto-ciudad-segura-para-las-mujeres\/#breadcrumb","itemListElement":[{"@type":"ListItem","position":1,"name":"Portada","item":"https:\/\/pagina10.com\/web\/"},{"@type":"ListItem","position":2,"name":"Se instalan alarmas en el marco de &#8220;Pasto Ciudad Segura para las Mujeres&#8221;"}]},{"@type":"WebSite","@id":"https:\/\/pagina10.com\/web\/#website","url":"https:\/\/pagina10.com\/web\/","name":"P\u00e1gina10","description":"Peri\u00f3dico Regional","publisher":{"@id":"https:\/\/pagina10.com\/web\/#organization"},"alternateName":"P\u00e1gina10 Peri\u00f3dico Regional","potentialAction":[{"@type":"SearchAction","target":{"@type":"EntryPoint","urlTemplate":"https:\/\/pagina10.com\/web\/?s={search_term_string}"},"query-input":{"@type":"PropertyValueSpecification","valueRequired":true,"valueName":"search_term_string"}}],"inLanguage":"es"},{"@type":"Organization","@id":"https:\/\/pagina10.com\/web\/#organization","name":"P\u00e1gina10","alternateName":"P\u00e1gina10 Peri\u00f3dico Regional","url":"https:\/\/pagina10.com\/web\/","logo":{"@type":"ImageObject","inLanguage":"es","@id":"https:\/\/pagina10.com\/web\/#\/schema\/logo\/image\/","url":"https:\/\/pagina10.com\/web\/wp-content\/uploads\/2024\/01\/40-pagina-10-periodico-regional-pasto.jpg","contentUrl":"https:\/\/pagina10.com\/web\/wp-content\/uploads\/2024\/01\/40-pagina-10-periodico-regional-pasto.jpg","width":1280,"height":720,"caption":"P\u00e1gina10"},"image":{"@id":"https:\/\/pagina10.com\/web\/#\/schema\/logo\/image\/"},"sameAs":["https:\/\/www.facebook.com\/pag10com","https:\/\/x.com\/Pag10com","https:\/\/www.instagram.com\/pagina10col\/","https:\/\/youtube.com\/channel\/pag10","https:\/\/www.tiktok.com\/@p10col"]},{"@type":"Person","@id":"https:\/\/pagina10.com\/web\/#\/schema\/person\/a7a5d38f0629dfc107f619fbae4f6cc3","name":"P\u00e1gina 10","description":"P\u00e1gina10.com es un peri\u00f3dico digital que nace en Colombia, en el departamento de Nari\u00f1o, con un enfoque global, fundamentado en cuatro pilares esenciales: la libertad, el pluralismo, la inclusi\u00f3n y la independencia. P\u00e1gina10.com hace referencia a Nari\u00f1o como el d\u00e9cimo departamento creado en Colombia, despu\u00e9s de un proceso pol\u00edtico liderado por actores y actrices regionales con el fin de obtener la independencia y autonom\u00eda de nuestros territorios. Con la creaci\u00f3n de P\u00e1gina10.com se pretende abrir un escenario para el dialogo, la reflexi\u00f3n y el debate que se extienda a otras geograf\u00edas de Am\u00e9rica Latina y del planeta, en una apuesta por transformar colectivamente los desaf\u00edos de un mundo contempor\u00e1neo, m\u00e1s all\u00e1 de las fronteras impuestas.","url":"https:\/\/pagina10.com\/web\/author\/mcepeda\/"}]}},"_links":{"self":[{"href":"https:\/\/pagina10.com\/web\/wp-json\/wp\/v2\/posts\/9943","targetHints":{"allow":["GET"]}}],"collection":[{"href":"https:\/\/pagina10.com\/web\/wp-json\/wp\/v2\/posts"}],"about":[{"href":"https:\/\/pagina10.com\/web\/wp-json\/wp\/v2\/types\/post"}],"author":[{"embeddable":true,"href":"https:\/\/pagina10.com\/web\/wp-json\/wp\/v2\/users\/29"}],"replies":[{"embeddable":true,"href":"https:\/\/pagina10.com\/web\/wp-json\/wp\/v2\/comments?post=9943"}],"version-history":[{"count":0,"href":"https:\/\/pagina10.com\/web\/wp-json\/wp\/v2\/posts\/9943\/revisions"}],"wp:featuredmedia":[{"embeddable":true,"href":"https:\/\/pagina10.com\/web\/wp-json\/wp\/v2\/media\/9941"}],"wp:attachment":[{"href":"https:\/\/pagina10.com\/web\/wp-json\/wp\/v2\/media?parent=9943"}],"wp:term":[{"taxonomy":"category","embeddable":true,"href":"https:\/\/pagina10.com\/web\/wp-json\/wp\/v2\/categories?post=9943"},{"taxonomy":"post_tag","embeddable":true,"href":"https:\/\/pagina10.com\/web\/wp-json\/wp\/v2\/tags?post=9943"}],"curies":[{"name":"wp","href":"https:\/\/api.w.org\/{rel}","templated":true}]}}