{"id":9981,"date":"2014-09-01T02:23:10","date_gmt":"2014-09-01T02:23:10","guid":{"rendered":"https:\/\/pagina10.com\/web\/ajustes-en-el-equipo-de-gobierno-de-la-alcaldia-de-pasto\/"},"modified":"2014-09-01T02:23:10","modified_gmt":"2014-09-01T02:23:10","slug":"ajustes-en-el-equipo-de-gobierno-de-la-alcaldia-de-pasto","status":"publish","type":"post","link":"https:\/\/pagina10.com\/web\/ajustes-en-el-equipo-de-gobierno-de-la-alcaldia-de-pasto\/","title":{"rendered":"Ajustes en el equipo de gobierno de la alcald\u00eda de Pasto"},"content":{"rendered":"<p><img fetchpriority=\"high\" decoding=\"async\" class=\" size-full wp-image-9980\" src=\"https:\/\/pagina10.com\/web\/wp-content\/uploads\/2014\/09\/2a7ab6f006bcbdbdb4e05e81e0bcb605.jpg\" alt=\"Fotograf\u00eda: Alcald\u00eda de Pasto\" width=\"960\" height=\"640\" srcset=\"https:\/\/pagina10.com\/web\/wp-content\/uploads\/2014\/09\/2a7ab6f006bcbdbdb4e05e81e0bcb605.jpg 960w, https:\/\/pagina10.com\/web\/wp-content\/uploads\/2014\/09\/2a7ab6f006bcbdbdb4e05e81e0bcb605-300x200.jpg 300w, https:\/\/pagina10.com\/web\/wp-content\/uploads\/2014\/09\/2a7ab6f006bcbdbdb4e05e81e0bcb605-768x512.jpg 768w, https:\/\/pagina10.com\/web\/wp-content\/uploads\/2014\/09\/2a7ab6f006bcbdbdb4e05e81e0bcb605-450x300.jpg 450w\" sizes=\"(max-width: 960px) 100vw, 960px\" \/><\/p>\n<p style=\"text-align: justify;\">En el proceso de ajustes del equipo de colaboradores del alcalde Harold Guerrero L\u00f3pez&nbsp; este lunes 01 de septiembre a las 10:30 am tomaran posesi\u00f3n los profesionales quienes estar\u00e1n a cargo de las&nbsp; secretarias de:&nbsp; Gobierno, Agricultura, Desarrollo Econ\u00f3mico, Secretaria General, Oficina Jur\u00eddica, y&nbsp; Asesor de Despacho.<\/p>\n<p style=\"text-align: justify;\">&nbsp;<\/p>\n<p style=\"text-align: justify;\">Como Secretario de Gobierno ser\u00e1 nombrado \u00c1lvaro Jos\u00e9 G\u00f3mezjurado Garz\u00f3n, Restaurador de Bienes Muebles de la Universidad Externado de Colombia, Especialista en Desarrollo Regional de la Universidad de Nari\u00f1o, quien se&nbsp; desempe\u00f1\u00f3 como Secretario de Cultura desde el inicio de la administraci\u00f3n de Guerrero L\u00f3pez.<\/p>\n<div style=\"text-align: justify;\">\n<p>&nbsp;<\/p>\n<p>Como Asesora de Despacho, asumir\u00e1 el cargo Cristina Ben\u00edtez Ayala, Polit\u00f3loga de la Universidad de los Andes, Especialista en Gerencia en Gobierno y Gesti\u00f3n Territorial de la Universidad Jorge Tadeo Lozano, con conocimientos en Pol\u00edtica Colombiana y Relaciones Internacionales, y quien ven\u00eda trabajando en el Ministerio del Interior en la Direcci\u00f3n de Gobierno y Gesti\u00f3n Territorial.<\/p>\n<p>&nbsp;<\/p>\n<p>Al cargo de Secretario de Desarrollo Econ\u00f3mico llega C\u00e1stulo Fernando Cisneros Trujillo, Abogado de la Pontificia Universidad Javeriana, Especialista en Derecho Administrativo de la misma Universidad. Quien se desempe\u00f1\u00f3 como Jefe de la Oficina Jur\u00eddica de la Alcald\u00eda de Pasto, trabaj\u00f3 como Auxiliar Judicial en la Corte Suprema de Justicia Sala de Casaci\u00f3n Penal, Abogado Asesor en Contrataci\u00f3n Estatal en la Unidad Administrativa Especial de Servicios P\u00fablicos (UAESP) de Bogot\u00e1, de la Veedur\u00eda Distrital y en la Secretar\u00eda Municipal de Salud de Pasto.<\/p>\n<p>&nbsp;<\/p>\n<p>Como Jefa de la Oficina Jur\u00eddica llega la Abogada, Ana Mar\u00eda Gonz\u00e1lez Bernal, Especialista en Derecho Administrativo y&nbsp; Contrataci\u00f3n Estatal de la Universidad Externado de Colombia con amplia experiencia en el conocimiento de la estructura del ordenamiento jur\u00eddico administrativo colombiano y quien ven\u00eda trabajando en la ESE&nbsp; Pasto Salud como Jefe de la Oficina Jur\u00eddica.<\/p>\n<p>&nbsp;<\/p>\n<p>El nuevo Secretario de Agricultura es el Ingeniero Agr\u00f3nomo Luis Efr\u00e9n Delgado Eraso, quien ven\u00eda ejerciendo el cargo de Subsecretario de la misma dependencia. El ingeniero agr\u00f3nomo es profesional egresado de la Universidad de Nari\u00f1o con especializaci\u00f3n en Gerencia de Empresas Agropecuarias de la Universidad La Salle y Especialista en Mercadeo Agropecuario de la Universidad Jorge Tadeo Lozano. Actualmente es el Presidente de la Asociaci\u00f3n de Agr\u00f3nomos del departamento de Nari\u00f1o.<\/p>\n<p>&nbsp;<\/p>\n<p>As\u00ed mismo, llega al equipo de colaboradores como Secretario General de la Alcald\u00eda de Pasto Ernesto Andrade Solarte,&nbsp; abogado de la Universidad Cooperativa de Colombia y quien viene desempe\u00f1\u00e1ndose como Subsecretario de Talento Humano de la Administraci\u00f3n Municipal.<\/p>\n<\/p><\/div>\n","protected":false},"excerpt":{"rendered":"<p>En el proceso de ajustes del equipo de colaboradores del alcalde Harold Guerrero L\u00f3pez&nbsp; este lunes 01 de septiembre a las 10:30 am tomaran posesi\u00f3n los profesionales quienes estar\u00e1n a cargo de las&nbsp; secretarias de:&nbsp; Gobierno, Agricultura, Desarrollo Econ\u00f3mico, Secretaria General, Oficina Jur\u00eddica, y&nbsp; Asesor de Despacho. &nbsp; Como Secretario de Gobierno ser\u00e1 nombrado \u00c1lvaro [&hellip;]<\/p>\n","protected":false},"author":29,"featured_media":9979,"comment_status":"open","ping_status":"open","sticky":false,"template":"","format":"standard","meta":{"footnotes":""},"categories":[82],"tags":[],"class_list":["post-9981","post","type-post","status-publish","format-standard","has-post-thumbnail","hentry","category-ciudad-2"],"yoast_head":"<!-- This site is optimized with the Yoast SEO plugin v27.1.1 - https:\/\/yoast.com\/product\/yoast-seo-wordpress\/ -->\n<title>Ajustes en el equipo de gobierno de la alcald\u00eda de Pasto | P\u00e1gina10<\/title>\n<meta name=\"robots\" content=\"index, follow, max-snippet:-1, max-image-preview:large, max-video-preview:-1\" \/>\n<link rel=\"canonical\" href=\"https:\/\/pagina10.com\/web\/ajustes-en-el-equipo-de-gobierno-de-la-alcaldia-de-pasto\/\" \/>\n<meta property=\"og:locale\" content=\"es_ES\" \/>\n<meta property=\"og:type\" content=\"article\" \/>\n<meta property=\"og:title\" content=\"Ajustes en el equipo de gobierno de la alcald\u00eda de Pasto | P\u00e1gina10\" \/>\n<meta property=\"og:description\" content=\"En el proceso de ajustes del equipo de colaboradores del alcalde Harold Guerrero L\u00f3pez&nbsp; este lunes 01 de septiembre a las 10:30 am tomaran posesi\u00f3n los profesionales quienes estar\u00e1n a cargo de las&nbsp; secretarias de:&nbsp; Gobierno, Agricultura, Desarrollo Econ\u00f3mico, Secretaria General, Oficina Jur\u00eddica, y&nbsp; Asesor de Despacho. &nbsp; Como Secretario de Gobierno ser\u00e1 nombrado \u00c1lvaro [&hellip;]\" \/>\n<meta property=\"og:url\" content=\"https:\/\/pagina10.com\/web\/ajustes-en-el-equipo-de-gobierno-de-la-alcaldia-de-pasto\/\" \/>\n<meta property=\"og:site_name\" content=\"P\u00e1gina10\" \/>\n<meta property=\"article:publisher\" content=\"https:\/\/www.facebook.com\/pag10com\" \/>\n<meta property=\"article:published_time\" content=\"2014-09-01T02:23:10+00:00\" \/>\n<meta property=\"og:image\" content=\"https:\/\/pagina10.com\/web\/wp-content\/uploads\/2014\/09\/2a7ab6f006bcbdbdb4e05e81e0bcb605.jpg\" \/>\n\t<meta property=\"og:image:width\" content=\"960\" \/>\n\t<meta property=\"og:image:height\" content=\"640\" \/>\n\t<meta property=\"og:image:type\" content=\"image\/jpeg\" \/>\n<meta name=\"author\" content=\"P\u00e1gina 10\" \/>\n<meta name=\"twitter:card\" content=\"summary_large_image\" \/>\n<meta name=\"twitter:creator\" content=\"@Pag10com\" \/>\n<meta name=\"twitter:site\" content=\"@Pag10com\" \/>\n<meta name=\"twitter:label1\" content=\"Escrito por\" \/>\n\t<meta name=\"twitter:data1\" content=\"P\u00e1gina 10\" \/>\n\t<meta name=\"twitter:label2\" content=\"Tiempo de lectura\" \/>\n\t<meta name=\"twitter:data2\" content=\"2 minutos\" \/>\n<script type=\"application\/ld+json\" class=\"yoast-schema-graph\">{\"@context\":\"https:\/\/schema.org\",\"@graph\":[{\"@type\":\"Article\",\"@id\":\"https:\/\/pagina10.com\/web\/ajustes-en-el-equipo-de-gobierno-de-la-alcaldia-de-pasto\/#article\",\"isPartOf\":{\"@id\":\"https:\/\/pagina10.com\/web\/ajustes-en-el-equipo-de-gobierno-de-la-alcaldia-de-pasto\/\"},\"author\":{\"name\":\"P\u00e1gina 10\",\"@id\":\"https:\/\/pagina10.com\/web\/#\/schema\/person\/a7a5d38f0629dfc107f619fbae4f6cc3\"},\"headline\":\"Ajustes en el equipo de gobierno de la alcald\u00eda de Pasto\",\"datePublished\":\"2014-09-01T02:23:10+00:00\",\"mainEntityOfPage\":{\"@id\":\"https:\/\/pagina10.com\/web\/ajustes-en-el-equipo-de-gobierno-de-la-alcaldia-de-pasto\/\"},\"wordCount\":464,\"commentCount\":0,\"publisher\":{\"@id\":\"https:\/\/pagina10.com\/web\/#organization\"},\"image\":{\"@id\":\"https:\/\/pagina10.com\/web\/ajustes-en-el-equipo-de-gobierno-de-la-alcaldia-de-pasto\/#primaryimage\"},\"thumbnailUrl\":\"https:\/\/pagina10.com\/web\/wp-content\/uploads\/2014\/09\/2a7ab6f006bcbdbdb4e05e81e0bcb605.jpg\",\"articleSection\":[\"Ciudad\"],\"inLanguage\":\"es\",\"potentialAction\":[{\"@type\":\"CommentAction\",\"name\":\"Comment\",\"target\":[\"https:\/\/pagina10.com\/web\/ajustes-en-el-equipo-de-gobierno-de-la-alcaldia-de-pasto\/#respond\"]}]},{\"@type\":\"WebPage\",\"@id\":\"https:\/\/pagina10.com\/web\/ajustes-en-el-equipo-de-gobierno-de-la-alcaldia-de-pasto\/\",\"url\":\"https:\/\/pagina10.com\/web\/ajustes-en-el-equipo-de-gobierno-de-la-alcaldia-de-pasto\/\",\"name\":\"Ajustes en el equipo de gobierno de la alcald\u00eda de Pasto | P\u00e1gina10\",\"isPartOf\":{\"@id\":\"https:\/\/pagina10.com\/web\/#website\"},\"primaryImageOfPage\":{\"@id\":\"https:\/\/pagina10.com\/web\/ajustes-en-el-equipo-de-gobierno-de-la-alcaldia-de-pasto\/#primaryimage\"},\"image\":{\"@id\":\"https:\/\/pagina10.com\/web\/ajustes-en-el-equipo-de-gobierno-de-la-alcaldia-de-pasto\/#primaryimage\"},\"thumbnailUrl\":\"https:\/\/pagina10.com\/web\/wp-content\/uploads\/2014\/09\/2a7ab6f006bcbdbdb4e05e81e0bcb605.jpg\",\"datePublished\":\"2014-09-01T02:23:10+00:00\",\"breadcrumb\":{\"@id\":\"https:\/\/pagina10.com\/web\/ajustes-en-el-equipo-de-gobierno-de-la-alcaldia-de-pasto\/#breadcrumb\"},\"inLanguage\":\"es\",\"potentialAction\":[{\"@type\":\"ReadAction\",\"target\":[\"https:\/\/pagina10.com\/web\/ajustes-en-el-equipo-de-gobierno-de-la-alcaldia-de-pasto\/\"]}]},{\"@type\":\"ImageObject\",\"inLanguage\":\"es\",\"@id\":\"https:\/\/pagina10.com\/web\/ajustes-en-el-equipo-de-gobierno-de-la-alcaldia-de-pasto\/#primaryimage\",\"url\":\"https:\/\/pagina10.com\/web\/wp-content\/uploads\/2014\/09\/2a7ab6f006bcbdbdb4e05e81e0bcb605.jpg\",\"contentUrl\":\"https:\/\/pagina10.com\/web\/wp-content\/uploads\/2014\/09\/2a7ab6f006bcbdbdb4e05e81e0bcb605.jpg\",\"width\":960,\"height\":640,\"caption\":\"Fotograf\u00eda: Alcald\u00eda de Pasto\"},{\"@type\":\"BreadcrumbList\",\"@id\":\"https:\/\/pagina10.com\/web\/ajustes-en-el-equipo-de-gobierno-de-la-alcaldia-de-pasto\/#breadcrumb\",\"itemListElement\":[{\"@type\":\"ListItem\",\"position\":1,\"name\":\"Portada\",\"item\":\"https:\/\/pagina10.com\/web\/\"},{\"@type\":\"ListItem\",\"position\":2,\"name\":\"Ajustes en el equipo de gobierno de la alcald\u00eda de Pasto\"}]},{\"@type\":\"WebSite\",\"@id\":\"https:\/\/pagina10.com\/web\/#website\",\"url\":\"https:\/\/pagina10.com\/web\/\",\"name\":\"P\u00e1gina10\",\"description\":\"Peri\u00f3dico Regional\",\"publisher\":{\"@id\":\"https:\/\/pagina10.com\/web\/#organization\"},\"alternateName\":\"P\u00e1gina10 Peri\u00f3dico Regional\",\"potentialAction\":[{\"@type\":\"SearchAction\",\"target\":{\"@type\":\"EntryPoint\",\"urlTemplate\":\"https:\/\/pagina10.com\/web\/?s={search_term_string}\"},\"query-input\":{\"@type\":\"PropertyValueSpecification\",\"valueRequired\":true,\"valueName\":\"search_term_string\"}}],\"inLanguage\":\"es\"},{\"@type\":\"Organization\",\"@id\":\"https:\/\/pagina10.com\/web\/#organization\",\"name\":\"P\u00e1gina10\",\"alternateName\":\"P\u00e1gina10 Peri\u00f3dico Regional\",\"url\":\"https:\/\/pagina10.com\/web\/\",\"logo\":{\"@type\":\"ImageObject\",\"inLanguage\":\"es\",\"@id\":\"https:\/\/pagina10.com\/web\/#\/schema\/logo\/image\/\",\"url\":\"https:\/\/pagina10.com\/web\/wp-content\/uploads\/2024\/01\/40-pagina-10-periodico-regional-pasto.jpg\",\"contentUrl\":\"https:\/\/pagina10.com\/web\/wp-content\/uploads\/2024\/01\/40-pagina-10-periodico-regional-pasto.jpg\",\"width\":1280,\"height\":720,\"caption\":\"P\u00e1gina10\"},\"image\":{\"@id\":\"https:\/\/pagina10.com\/web\/#\/schema\/logo\/image\/\"},\"sameAs\":[\"https:\/\/www.facebook.com\/pag10com\",\"https:\/\/x.com\/Pag10com\",\"https:\/\/www.instagram.com\/pagina10col\/\",\"https:\/\/youtube.com\/channel\/pag10\",\"https:\/\/www.tiktok.com\/@p10col\"]},{\"@type\":\"Person\",\"@id\":\"https:\/\/pagina10.com\/web\/#\/schema\/person\/a7a5d38f0629dfc107f619fbae4f6cc3\",\"name\":\"P\u00e1gina 10\",\"description\":\"P\u00e1gina10.com es un peri\u00f3dico digital que nace en Colombia, en el departamento de Nari\u00f1o, con un enfoque global, fundamentado en cuatro pilares esenciales: la libertad, el pluralismo, la inclusi\u00f3n y la independencia. P\u00e1gina10.com hace referencia a Nari\u00f1o como el d\u00e9cimo departamento creado en Colombia, despu\u00e9s de un proceso pol\u00edtico liderado por actores y actrices regionales con el fin de obtener la independencia y autonom\u00eda de nuestros territorios. Con la creaci\u00f3n de P\u00e1gina10.com se pretende abrir un escenario para el dialogo, la reflexi\u00f3n y el debate que se extienda a otras geograf\u00edas de Am\u00e9rica Latina y del planeta, en una apuesta por transformar colectivamente los desaf\u00edos de un mundo contempor\u00e1neo, m\u00e1s all\u00e1 de las fronteras impuestas.\",\"url\":\"https:\/\/pagina10.com\/web\/author\/mcepeda\/\"}]}<\/script>\n<!-- \/ Yoast SEO plugin. -->","yoast_head_json":{"title":"Ajustes en el equipo de gobierno de la alcald\u00eda de Pasto | P\u00e1gina10","robots":{"index":"index","follow":"follow","max-snippet":"max-snippet:-1","max-image-preview":"max-image-preview:large","max-video-preview":"max-video-preview:-1"},"canonical":"https:\/\/pagina10.com\/web\/ajustes-en-el-equipo-de-gobierno-de-la-alcaldia-de-pasto\/","og_locale":"es_ES","og_type":"article","og_title":"Ajustes en el equipo de gobierno de la alcald\u00eda de Pasto | P\u00e1gina10","og_description":"En el proceso de ajustes del equipo de colaboradores del alcalde Harold Guerrero L\u00f3pez&nbsp; este lunes 01 de septiembre a las 10:30 am tomaran posesi\u00f3n los profesionales quienes estar\u00e1n a cargo de las&nbsp; secretarias de:&nbsp; Gobierno, Agricultura, Desarrollo Econ\u00f3mico, Secretaria General, Oficina Jur\u00eddica, y&nbsp; Asesor de Despacho. &nbsp; Como Secretario de Gobierno ser\u00e1 nombrado \u00c1lvaro [&hellip;]","og_url":"https:\/\/pagina10.com\/web\/ajustes-en-el-equipo-de-gobierno-de-la-alcaldia-de-pasto\/","og_site_name":"P\u00e1gina10","article_publisher":"https:\/\/www.facebook.com\/pag10com","article_published_time":"2014-09-01T02:23:10+00:00","og_image":[{"width":960,"height":640,"url":"https:\/\/pagina10.com\/web\/wp-content\/uploads\/2014\/09\/2a7ab6f006bcbdbdb4e05e81e0bcb605.jpg","type":"image\/jpeg"}],"author":"P\u00e1gina 10","twitter_card":"summary_large_image","twitter_creator":"@Pag10com","twitter_site":"@Pag10com","twitter_misc":{"Escrito por":"P\u00e1gina 10","Tiempo de lectura":"2 minutos"},"schema":{"@context":"https:\/\/schema.org","@graph":[{"@type":"Article","@id":"https:\/\/pagina10.com\/web\/ajustes-en-el-equipo-de-gobierno-de-la-alcaldia-de-pasto\/#article","isPartOf":{"@id":"https:\/\/pagina10.com\/web\/ajustes-en-el-equipo-de-gobierno-de-la-alcaldia-de-pasto\/"},"author":{"name":"P\u00e1gina 10","@id":"https:\/\/pagina10.com\/web\/#\/schema\/person\/a7a5d38f0629dfc107f619fbae4f6cc3"},"headline":"Ajustes en el equipo de gobierno de la alcald\u00eda de Pasto","datePublished":"2014-09-01T02:23:10+00:00","mainEntityOfPage":{"@id":"https:\/\/pagina10.com\/web\/ajustes-en-el-equipo-de-gobierno-de-la-alcaldia-de-pasto\/"},"wordCount":464,"commentCount":0,"publisher":{"@id":"https:\/\/pagina10.com\/web\/#organization"},"image":{"@id":"https:\/\/pagina10.com\/web\/ajustes-en-el-equipo-de-gobierno-de-la-alcaldia-de-pasto\/#primaryimage"},"thumbnailUrl":"https:\/\/pagina10.com\/web\/wp-content\/uploads\/2014\/09\/2a7ab6f006bcbdbdb4e05e81e0bcb605.jpg","articleSection":["Ciudad"],"inLanguage":"es","potentialAction":[{"@type":"CommentAction","name":"Comment","target":["https:\/\/pagina10.com\/web\/ajustes-en-el-equipo-de-gobierno-de-la-alcaldia-de-pasto\/#respond"]}]},{"@type":"WebPage","@id":"https:\/\/pagina10.com\/web\/ajustes-en-el-equipo-de-gobierno-de-la-alcaldia-de-pasto\/","url":"https:\/\/pagina10.com\/web\/ajustes-en-el-equipo-de-gobierno-de-la-alcaldia-de-pasto\/","name":"Ajustes en el equipo de gobierno de la alcald\u00eda de Pasto | P\u00e1gina10","isPartOf":{"@id":"https:\/\/pagina10.com\/web\/#website"},"primaryImageOfPage":{"@id":"https:\/\/pagina10.com\/web\/ajustes-en-el-equipo-de-gobierno-de-la-alcaldia-de-pasto\/#primaryimage"},"image":{"@id":"https:\/\/pagina10.com\/web\/ajustes-en-el-equipo-de-gobierno-de-la-alcaldia-de-pasto\/#primaryimage"},"thumbnailUrl":"https:\/\/pagina10.com\/web\/wp-content\/uploads\/2014\/09\/2a7ab6f006bcbdbdb4e05e81e0bcb605.jpg","datePublished":"2014-09-01T02:23:10+00:00","breadcrumb":{"@id":"https:\/\/pagina10.com\/web\/ajustes-en-el-equipo-de-gobierno-de-la-alcaldia-de-pasto\/#breadcrumb"},"inLanguage":"es","potentialAction":[{"@type":"ReadAction","target":["https:\/\/pagina10.com\/web\/ajustes-en-el-equipo-de-gobierno-de-la-alcaldia-de-pasto\/"]}]},{"@type":"ImageObject","inLanguage":"es","@id":"https:\/\/pagina10.com\/web\/ajustes-en-el-equipo-de-gobierno-de-la-alcaldia-de-pasto\/#primaryimage","url":"https:\/\/pagina10.com\/web\/wp-content\/uploads\/2014\/09\/2a7ab6f006bcbdbdb4e05e81e0bcb605.jpg","contentUrl":"https:\/\/pagina10.com\/web\/wp-content\/uploads\/2014\/09\/2a7ab6f006bcbdbdb4e05e81e0bcb605.jpg","width":960,"height":640,"caption":"Fotograf\u00eda: Alcald\u00eda de Pasto"},{"@type":"BreadcrumbList","@id":"https:\/\/pagina10.com\/web\/ajustes-en-el-equipo-de-gobierno-de-la-alcaldia-de-pasto\/#breadcrumb","itemListElement":[{"@type":"ListItem","position":1,"name":"Portada","item":"https:\/\/pagina10.com\/web\/"},{"@type":"ListItem","position":2,"name":"Ajustes en el equipo de gobierno de la alcald\u00eda de Pasto"}]},{"@type":"WebSite","@id":"https:\/\/pagina10.com\/web\/#website","url":"https:\/\/pagina10.com\/web\/","name":"P\u00e1gina10","description":"Peri\u00f3dico Regional","publisher":{"@id":"https:\/\/pagina10.com\/web\/#organization"},"alternateName":"P\u00e1gina10 Peri\u00f3dico Regional","potentialAction":[{"@type":"SearchAction","target":{"@type":"EntryPoint","urlTemplate":"https:\/\/pagina10.com\/web\/?s={search_term_string}"},"query-input":{"@type":"PropertyValueSpecification","valueRequired":true,"valueName":"search_term_string"}}],"inLanguage":"es"},{"@type":"Organization","@id":"https:\/\/pagina10.com\/web\/#organization","name":"P\u00e1gina10","alternateName":"P\u00e1gina10 Peri\u00f3dico Regional","url":"https:\/\/pagina10.com\/web\/","logo":{"@type":"ImageObject","inLanguage":"es","@id":"https:\/\/pagina10.com\/web\/#\/schema\/logo\/image\/","url":"https:\/\/pagina10.com\/web\/wp-content\/uploads\/2024\/01\/40-pagina-10-periodico-regional-pasto.jpg","contentUrl":"https:\/\/pagina10.com\/web\/wp-content\/uploads\/2024\/01\/40-pagina-10-periodico-regional-pasto.jpg","width":1280,"height":720,"caption":"P\u00e1gina10"},"image":{"@id":"https:\/\/pagina10.com\/web\/#\/schema\/logo\/image\/"},"sameAs":["https:\/\/www.facebook.com\/pag10com","https:\/\/x.com\/Pag10com","https:\/\/www.instagram.com\/pagina10col\/","https:\/\/youtube.com\/channel\/pag10","https:\/\/www.tiktok.com\/@p10col"]},{"@type":"Person","@id":"https:\/\/pagina10.com\/web\/#\/schema\/person\/a7a5d38f0629dfc107f619fbae4f6cc3","name":"P\u00e1gina 10","description":"P\u00e1gina10.com es un peri\u00f3dico digital que nace en Colombia, en el departamento de Nari\u00f1o, con un enfoque global, fundamentado en cuatro pilares esenciales: la libertad, el pluralismo, la inclusi\u00f3n y la independencia. P\u00e1gina10.com hace referencia a Nari\u00f1o como el d\u00e9cimo departamento creado en Colombia, despu\u00e9s de un proceso pol\u00edtico liderado por actores y actrices regionales con el fin de obtener la independencia y autonom\u00eda de nuestros territorios. Con la creaci\u00f3n de P\u00e1gina10.com se pretende abrir un escenario para el dialogo, la reflexi\u00f3n y el debate que se extienda a otras geograf\u00edas de Am\u00e9rica Latina y del planeta, en una apuesta por transformar colectivamente los desaf\u00edos de un mundo contempor\u00e1neo, m\u00e1s all\u00e1 de las fronteras impuestas.","url":"https:\/\/pagina10.com\/web\/author\/mcepeda\/"}]}},"_links":{"self":[{"href":"https:\/\/pagina10.com\/web\/wp-json\/wp\/v2\/posts\/9981","targetHints":{"allow":["GET"]}}],"collection":[{"href":"https:\/\/pagina10.com\/web\/wp-json\/wp\/v2\/posts"}],"about":[{"href":"https:\/\/pagina10.com\/web\/wp-json\/wp\/v2\/types\/post"}],"author":[{"embeddable":true,"href":"https:\/\/pagina10.com\/web\/wp-json\/wp\/v2\/users\/29"}],"replies":[{"embeddable":true,"href":"https:\/\/pagina10.com\/web\/wp-json\/wp\/v2\/comments?post=9981"}],"version-history":[{"count":0,"href":"https:\/\/pagina10.com\/web\/wp-json\/wp\/v2\/posts\/9981\/revisions"}],"wp:featuredmedia":[{"embeddable":true,"href":"https:\/\/pagina10.com\/web\/wp-json\/wp\/v2\/media\/9979"}],"wp:attachment":[{"href":"https:\/\/pagina10.com\/web\/wp-json\/wp\/v2\/media?parent=9981"}],"wp:term":[{"taxonomy":"category","embeddable":true,"href":"https:\/\/pagina10.com\/web\/wp-json\/wp\/v2\/categories?post=9981"},{"taxonomy":"post_tag","embeddable":true,"href":"https:\/\/pagina10.com\/web\/wp-json\/wp\/v2\/tags?post=9981"}],"curies":[{"name":"wp","href":"https:\/\/api.w.org\/{rel}","templated":true}]}}