{"id":65,"name":"Anibal Ar\u00e9valo Rosero","url":"","description":"An\u00edbal Ar\u00e9valo Rosero a trav\u00e9s de su vida ha realizado diversas actividades tendientes a reivindicar al  ser humano en su conciencia plena. Durante su vida ha hecho teatro, a escrito poes\u00eda y en sus tiempos de universitario realiz\u00f3 varias publicaciones entre las que se recuerda la revista Quinde. Junto con otros compa\u00f1eros fund\u00f3 el Taller Cultural El Cueche, equipo con el que se hicieron varias publicaciones. De este mismo grupo hay que resaltar que se hizo un trabajo pionero en la difusi\u00f3n de la m\u00fasica andina, latinoamericana y del caribe.\r\n \r\nDespu\u00e9s de terminar sus estudios de biolog\u00eda en la Universidad de Nari\u00f1o entr\u00f3 a laborar en emisoras de la ciudad de Pasto como en RCN, donde se desempe\u00f1aba como locutor de planta. Dirigi\u00f3 programas en la extinta Ondas del Mayo, en varias oportunidades; tambi\u00e9n en Ecos de Pasto. Fue colaborador de el Noticias RCN y dirigi\u00f3 el programa Simana al D\u00eda, del Sindicato del Magisterio de Nari\u00f1o, en dos \u00e9pocas.\r\n \r\nEn el a\u00f1o de 1992 funda el Comit\u00e9 de Solidaridad con Cuba Jos\u00e9 Mart\u00ed, cuyo objetivo era divulgar la realidad cubana y expresar apoyo moral, pol\u00edtico y material al pa\u00eds caribe\u00f1o. Ante la mala interpretaci\u00f3n que la gente le daba a este tipo de acciones, se decide promover viajes de solidad a Cuba para participar en la Brigada Latinoamericana de Trabajo Voluntario, en el Festival Cuba Vive y, de manera especia,l en el 14 Festival Mundial de la Juventud y los Estudiantes, que se desarroll\u00f3 en la isla en el a\u00f1o de 1997. Con esta experiencia impulsa el turismo al pa\u00eds caribe\u00f1o con el resultado de que miles de personas han participado de las excursiones organizadas por Ar\u00e9valo Rosero.\r\n \r\nAsimismo ha venido impulsando las Brigadas de Salud en Cuba, tendiente a llevar pacientes de c\u00e1ncer a ese destino con el fin de que reciban atenci\u00f3n m\u00e9dica, teniendo en cuenta que la experiencia cubana en el tema ha sido bastante favorable.\r\n \r\nVeinte a\u00f1os despu\u00e9s de estas nutritivas experiencias, le permiten impulsar excursiones adem\u00e1s a M\u00e9xico, Machu Picchu, Argentina, Ecuador, Panam\u00e1 y Tierra Santa.\r\n \r\nEn cuanto al desempe\u00f1o period\u00edstico, adem\u00e1s de los medios radiales y de televisi\u00f3n, en los canales de la universidades de Nari\u00f1o y Mariana, se ha desempe\u00f1ado como columnista en Diario del Sur durante 6 a\u00f1os y en algunos medios virtuales. Tambi\u00e9n es colaborador de el Diario del Cauca.\r\n \r\nConsidera que la pr\u00e1ctica de la lectura es beber de la fuente nutricia que permite apropiarse de manera consciente del ejercicio de la democracia; y la posibilidad de escribir y ser le\u00eddo, acceder al poder, por que considera la palabra como el mayor instrumento de acci\u00f3n cuando est\u00e1 bien encamina al leg\u00edtimo servicio social.\r\n \r\nEn la actualidad adem\u00e1s de so\u00f1ar con viajar por el mundo se desempe\u00f1a como docente del departamento de ciencias de Inem Luis Delf\u00edn Insuasty de Pasto.\r\n \r\nCorreo: Esta direcci\u00f3n de correo electr\u00f3nico est\u00e1 protegida contra spambots. Usted necesita tener Javascript activado para poder verla.\" target=\"_blank\" style=\"color: #1155cc; text-align: justify; font-family: arial, sans-serif; font-size: 13px; line-height: normal;\"&gt;fundacionecosofia@gmail.com","link":"https:\/\/pagina10.com\/web\/author\/anibal\/","slug":"anibal","meta":{"feedzy_import_tour":true,"feedzy_hide_action_message":false},"yoast_head":"<!-- This site is optimized with the Yoast SEO plugin v27.1.1 - https:\/\/yoast.com\/product\/yoast-seo-wordpress\/ -->\n<title>Anibal Ar\u00e9valo Rosero, autor en P\u00e1gina10<\/title>\n<meta name=\"robots\" content=\"index, follow, max-snippet:-1, max-image-preview:large, max-video-preview:-1\" \/>\n<link rel=\"canonical\" href=\"https:\/\/pagina10.com\/web\/author\/anibal\/\" \/>\n<meta property=\"og:locale\" content=\"es_ES\" \/>\n<meta property=\"og:type\" content=\"profile\" \/>\n<meta property=\"og:title\" content=\"Anibal Ar\u00e9valo Rosero, autor en P\u00e1gina10\" \/>\n<meta property=\"og:url\" content=\"https:\/\/pagina10.com\/web\/author\/anibal\/\" \/>\n<meta property=\"og:site_name\" content=\"P\u00e1gina10\" \/>\n<meta property=\"og:image\" content=\"https:\/\/pagina10.com\/web\/wp-content\/uploads\/2024\/01\/31-pagina-10-periodico-regional-pasto.jpg\" \/>\n\t<meta property=\"og:image:width\" content=\"512\" \/>\n\t<meta property=\"og:image:height\" content=\"512\" \/>\n\t<meta property=\"og:image:type\" content=\"image\/jpeg\" \/>\n<meta name=\"twitter:card\" content=\"summary_large_image\" \/>\n<meta name=\"twitter:site\" content=\"@Pag10com\" \/>\n<script type=\"application\/ld+json\" class=\"yoast-schema-graph\">{\"@context\":\"https:\/\/schema.org\",\"@graph\":[{\"@type\":\"ProfilePage\",\"@id\":\"https:\/\/pagina10.com\/web\/author\/anibal\/\",\"url\":\"https:\/\/pagina10.com\/web\/author\/anibal\/\",\"name\":\"Anibal Ar\u00e9valo Rosero, autor en P\u00e1gina10\",\"isPartOf\":{\"@id\":\"https:\/\/pagina10.com\/web\/#website\"},\"breadcrumb\":{\"@id\":\"https:\/\/pagina10.com\/web\/author\/anibal\/#breadcrumb\"},\"inLanguage\":\"es\",\"potentialAction\":[{\"@type\":\"ReadAction\",\"target\":[\"https:\/\/pagina10.com\/web\/author\/anibal\/\"]}]},{\"@type\":\"BreadcrumbList\",\"@id\":\"https:\/\/pagina10.com\/web\/author\/anibal\/#breadcrumb\",\"itemListElement\":[{\"@type\":\"ListItem\",\"position\":1,\"name\":\"Portada\",\"item\":\"https:\/\/pagina10.com\/web\/\"},{\"@type\":\"ListItem\",\"position\":2,\"name\":\"Archivo de Anibal Ar\u00e9valo Rosero\"}]},{\"@type\":\"WebSite\",\"@id\":\"https:\/\/pagina10.com\/web\/#website\",\"url\":\"https:\/\/pagina10.com\/web\/\",\"name\":\"P\u00e1gina10\",\"description\":\"Peri\u00f3dico Regional\",\"publisher\":{\"@id\":\"https:\/\/pagina10.com\/web\/#organization\"},\"alternateName\":\"P\u00e1gina10 Peri\u00f3dico Regional\",\"potentialAction\":[{\"@type\":\"SearchAction\",\"target\":{\"@type\":\"EntryPoint\",\"urlTemplate\":\"https:\/\/pagina10.com\/web\/?s={search_term_string}\"},\"query-input\":{\"@type\":\"PropertyValueSpecification\",\"valueRequired\":true,\"valueName\":\"search_term_string\"}}],\"inLanguage\":\"es\"},{\"@type\":\"Organization\",\"@id\":\"https:\/\/pagina10.com\/web\/#organization\",\"name\":\"P\u00e1gina10\",\"alternateName\":\"P\u00e1gina10 Peri\u00f3dico Regional\",\"url\":\"https:\/\/pagina10.com\/web\/\",\"logo\":{\"@type\":\"ImageObject\",\"inLanguage\":\"es\",\"@id\":\"https:\/\/pagina10.com\/web\/#\/schema\/logo\/image\/\",\"url\":\"https:\/\/pagina10.com\/web\/wp-content\/uploads\/2024\/01\/40-pagina-10-periodico-regional-pasto.jpg\",\"contentUrl\":\"https:\/\/pagina10.com\/web\/wp-content\/uploads\/2024\/01\/40-pagina-10-periodico-regional-pasto.jpg\",\"width\":1280,\"height\":720,\"caption\":\"P\u00e1gina10\"},\"image\":{\"@id\":\"https:\/\/pagina10.com\/web\/#\/schema\/logo\/image\/\"},\"sameAs\":[\"https:\/\/www.facebook.com\/pag10com\",\"https:\/\/x.com\/Pag10com\",\"https:\/\/www.instagram.com\/pagina10col\/\",\"https:\/\/youtube.com\/channel\/pag10\",\"https:\/\/www.tiktok.com\/@p10col\"]},{\"@type\":\"Person\",\"@id\":\"https:\/\/pagina10.com\/web\/#\/schema\/person\/9ec3e2b432363a195d2d01bf820c66fe\",\"name\":\"Anibal Ar\u00e9valo Rosero\",\"description\":\"An\u00edbal Ar\u00e9valo Rosero a trav\u00e9s de su vida ha realizado diversas actividades tendientes a reivindicar al ser humano en su conciencia plena. Durante su vida ha hecho teatro, a escrito poes\u00eda y en sus tiempos de universitario realiz\u00f3 varias publicaciones entre las que se recuerda la revista Quinde. Junto con otros compa\u00f1eros fund\u00f3 el Taller Cultural El Cueche, equipo con el que se hicieron varias publicaciones. De este mismo grupo hay que resaltar que se hizo un trabajo pionero en la difusi\u00f3n de la m\u00fasica andina, latinoamericana y del caribe. Despu\u00e9s de terminar sus estudios de biolog\u00eda en la Universidad de Nari\u00f1o entr\u00f3 a laborar en emisoras de la ciudad de Pasto como en RCN, donde se desempe\u00f1aba como locutor de planta. Dirigi\u00f3 programas en la extinta Ondas del Mayo, en varias oportunidades; tambi\u00e9n en Ecos de Pasto. Fue colaborador de el Noticias RCN y dirigi\u00f3 el programa Simana al D\u00eda, del Sindicato del Magisterio de Nari\u00f1o, en dos \u00e9pocas. En el a\u00f1o de 1992 funda el Comit\u00e9 de Solidaridad con Cuba Jos\u00e9 Mart\u00ed, cuyo objetivo era divulgar la realidad cubana y expresar apoyo moral, pol\u00edtico y material al pa\u00eds caribe\u00f1o. Ante la mala interpretaci\u00f3n que la gente le daba a este tipo de acciones, se decide promover viajes de solidad a Cuba para participar en la Brigada Latinoamericana de Trabajo Voluntario, en el Festival Cuba Vive y, de manera especia,l en el 14 Festival Mundial de la Juventud y los Estudiantes, que se desarroll\u00f3 en la isla en el a\u00f1o de 1997. Con esta experiencia impulsa el turismo al pa\u00eds caribe\u00f1o con el resultado de que miles de personas han participado de las excursiones organizadas por Ar\u00e9valo Rosero. Asimismo ha venido impulsando las Brigadas de Salud en Cuba, tendiente a llevar pacientes de c\u00e1ncer a ese destino con el fin de que reciban atenci\u00f3n m\u00e9dica, teniendo en cuenta que la experiencia cubana en el tema ha sido bastante favorable. Veinte a\u00f1os despu\u00e9s de estas nutritivas experiencias, le permiten impulsar excursiones adem\u00e1s a M\u00e9xico, Machu Picchu, Argentina, Ecuador, Panam\u00e1 y Tierra Santa. En cuanto al desempe\u00f1o period\u00edstico, adem\u00e1s de los medios radiales y de televisi\u00f3n, en los canales de la universidades de Nari\u00f1o y Mariana, se ha desempe\u00f1ado como columnista en Diario del Sur durante 6 a\u00f1os y en algunos medios virtuales. Tambi\u00e9n es colaborador de el Diario del Cauca. Considera que la pr\u00e1ctica de la lectura es beber de la fuente nutricia que permite apropiarse de manera consciente del ejercicio de la democracia; y la posibilidad de escribir y ser le\u00eddo, acceder al poder, por que considera la palabra como el mayor instrumento de acci\u00f3n cuando est\u00e1 bien encamina al leg\u00edtimo servicio social. En la actualidad adem\u00e1s de so\u00f1ar con viajar por el mundo se desempe\u00f1a como docente del departamento de ciencias de Inem Luis Delf\u00edn Insuasty de Pasto. Correo: Esta direcci\u00f3n de correo electr\u00f3nico est\u00e1 protegida contra spambots. Usted necesita tener Javascript activado para poder verla.\\\" target=\\\"_blank\\\" style=\\\"color: #1155cc; text-align: justify; font-family: arial, sans-serif; font-size: 13px; line-height: normal;\\\"&gt;fundacionecosofia@gmail.com\",\"mainEntityOfPage\":{\"@id\":\"https:\/\/pagina10.com\/web\/author\/anibal\/\"}}]}<\/script>\n<!-- \/ Yoast SEO plugin. -->","yoast_head_json":{"title":"Anibal Ar\u00e9valo Rosero, autor en P\u00e1gina10","robots":{"index":"index","follow":"follow","max-snippet":"max-snippet:-1","max-image-preview":"max-image-preview:large","max-video-preview":"max-video-preview:-1"},"canonical":"https:\/\/pagina10.com\/web\/author\/anibal\/","og_locale":"es_ES","og_type":"profile","og_title":"Anibal Ar\u00e9valo Rosero, autor en P\u00e1gina10","og_url":"https:\/\/pagina10.com\/web\/author\/anibal\/","og_site_name":"P\u00e1gina10","og_image":[{"width":512,"height":512,"url":"https:\/\/pagina10.com\/web\/wp-content\/uploads\/2024\/01\/31-pagina-10-periodico-regional-pasto.jpg","type":"image\/jpeg"}],"twitter_card":"summary_large_image","twitter_site":"@Pag10com","schema":{"@context":"https:\/\/schema.org","@graph":[{"@type":"ProfilePage","@id":"https:\/\/pagina10.com\/web\/author\/anibal\/","url":"https:\/\/pagina10.com\/web\/author\/anibal\/","name":"Anibal Ar\u00e9valo Rosero, autor en P\u00e1gina10","isPartOf":{"@id":"https:\/\/pagina10.com\/web\/#website"},"breadcrumb":{"@id":"https:\/\/pagina10.com\/web\/author\/anibal\/#breadcrumb"},"inLanguage":"es","potentialAction":[{"@type":"ReadAction","target":["https:\/\/pagina10.com\/web\/author\/anibal\/"]}]},{"@type":"BreadcrumbList","@id":"https:\/\/pagina10.com\/web\/author\/anibal\/#breadcrumb","itemListElement":[{"@type":"ListItem","position":1,"name":"Portada","item":"https:\/\/pagina10.com\/web\/"},{"@type":"ListItem","position":2,"name":"Archivo de Anibal Ar\u00e9valo Rosero"}]},{"@type":"WebSite","@id":"https:\/\/pagina10.com\/web\/#website","url":"https:\/\/pagina10.com\/web\/","name":"P\u00e1gina10","description":"Peri\u00f3dico Regional","publisher":{"@id":"https:\/\/pagina10.com\/web\/#organization"},"alternateName":"P\u00e1gina10 Peri\u00f3dico Regional","potentialAction":[{"@type":"SearchAction","target":{"@type":"EntryPoint","urlTemplate":"https:\/\/pagina10.com\/web\/?s={search_term_string}"},"query-input":{"@type":"PropertyValueSpecification","valueRequired":true,"valueName":"search_term_string"}}],"inLanguage":"es"},{"@type":"Organization","@id":"https:\/\/pagina10.com\/web\/#organization","name":"P\u00e1gina10","alternateName":"P\u00e1gina10 Peri\u00f3dico Regional","url":"https:\/\/pagina10.com\/web\/","logo":{"@type":"ImageObject","inLanguage":"es","@id":"https:\/\/pagina10.com\/web\/#\/schema\/logo\/image\/","url":"https:\/\/pagina10.com\/web\/wp-content\/uploads\/2024\/01\/40-pagina-10-periodico-regional-pasto.jpg","contentUrl":"https:\/\/pagina10.com\/web\/wp-content\/uploads\/2024\/01\/40-pagina-10-periodico-regional-pasto.jpg","width":1280,"height":720,"caption":"P\u00e1gina10"},"image":{"@id":"https:\/\/pagina10.com\/web\/#\/schema\/logo\/image\/"},"sameAs":["https:\/\/www.facebook.com\/pag10com","https:\/\/x.com\/Pag10com","https:\/\/www.instagram.com\/pagina10col\/","https:\/\/youtube.com\/channel\/pag10","https:\/\/www.tiktok.com\/@p10col"]},{"@type":"Person","@id":"https:\/\/pagina10.com\/web\/#\/schema\/person\/9ec3e2b432363a195d2d01bf820c66fe","name":"Anibal Ar\u00e9valo Rosero","description":"An\u00edbal Ar\u00e9valo Rosero a trav\u00e9s de su vida ha realizado diversas actividades tendientes a reivindicar al ser humano en su conciencia plena. Durante su vida ha hecho teatro, a escrito poes\u00eda y en sus tiempos de universitario realiz\u00f3 varias publicaciones entre las que se recuerda la revista Quinde. Junto con otros compa\u00f1eros fund\u00f3 el Taller Cultural El Cueche, equipo con el que se hicieron varias publicaciones. De este mismo grupo hay que resaltar que se hizo un trabajo pionero en la difusi\u00f3n de la m\u00fasica andina, latinoamericana y del caribe. Despu\u00e9s de terminar sus estudios de biolog\u00eda en la Universidad de Nari\u00f1o entr\u00f3 a laborar en emisoras de la ciudad de Pasto como en RCN, donde se desempe\u00f1aba como locutor de planta. Dirigi\u00f3 programas en la extinta Ondas del Mayo, en varias oportunidades; tambi\u00e9n en Ecos de Pasto. Fue colaborador de el Noticias RCN y dirigi\u00f3 el programa Simana al D\u00eda, del Sindicato del Magisterio de Nari\u00f1o, en dos \u00e9pocas. En el a\u00f1o de 1992 funda el Comit\u00e9 de Solidaridad con Cuba Jos\u00e9 Mart\u00ed, cuyo objetivo era divulgar la realidad cubana y expresar apoyo moral, pol\u00edtico y material al pa\u00eds caribe\u00f1o. Ante la mala interpretaci\u00f3n que la gente le daba a este tipo de acciones, se decide promover viajes de solidad a Cuba para participar en la Brigada Latinoamericana de Trabajo Voluntario, en el Festival Cuba Vive y, de manera especia,l en el 14 Festival Mundial de la Juventud y los Estudiantes, que se desarroll\u00f3 en la isla en el a\u00f1o de 1997. Con esta experiencia impulsa el turismo al pa\u00eds caribe\u00f1o con el resultado de que miles de personas han participado de las excursiones organizadas por Ar\u00e9valo Rosero. Asimismo ha venido impulsando las Brigadas de Salud en Cuba, tendiente a llevar pacientes de c\u00e1ncer a ese destino con el fin de que reciban atenci\u00f3n m\u00e9dica, teniendo en cuenta que la experiencia cubana en el tema ha sido bastante favorable. Veinte a\u00f1os despu\u00e9s de estas nutritivas experiencias, le permiten impulsar excursiones adem\u00e1s a M\u00e9xico, Machu Picchu, Argentina, Ecuador, Panam\u00e1 y Tierra Santa. En cuanto al desempe\u00f1o period\u00edstico, adem\u00e1s de los medios radiales y de televisi\u00f3n, en los canales de la universidades de Nari\u00f1o y Mariana, se ha desempe\u00f1ado como columnista en Diario del Sur durante 6 a\u00f1os y en algunos medios virtuales. Tambi\u00e9n es colaborador de el Diario del Cauca. Considera que la pr\u00e1ctica de la lectura es beber de la fuente nutricia que permite apropiarse de manera consciente del ejercicio de la democracia; y la posibilidad de escribir y ser le\u00eddo, acceder al poder, por que considera la palabra como el mayor instrumento de acci\u00f3n cuando est\u00e1 bien encamina al leg\u00edtimo servicio social. En la actualidad adem\u00e1s de so\u00f1ar con viajar por el mundo se desempe\u00f1a como docente del departamento de ciencias de Inem Luis Delf\u00edn Insuasty de Pasto. Correo: Esta direcci\u00f3n de correo electr\u00f3nico est\u00e1 protegida contra spambots. Usted necesita tener Javascript activado para poder verla.\" target=\"_blank\" style=\"color: #1155cc; text-align: justify; font-family: arial, sans-serif; font-size: 13px; line-height: normal;\"&gt;fundacionecosofia@gmail.com","mainEntityOfPage":{"@id":"https:\/\/pagina10.com\/web\/author\/anibal\/"}}]}},"elementor_introduction":"","_links":{"self":[{"href":"https:\/\/pagina10.com\/web\/wp-json\/wp\/v2\/users\/65","targetHints":{"allow":["GET"]}}],"collection":[{"href":"https:\/\/pagina10.com\/web\/wp-json\/wp\/v2\/users"}]}}